{"id":221165,"date":"2025-06-10T16:35:55","date_gmt":"2025-06-10T23:35:55","guid":{"rendered":"https:\/\/rnoticias.com.mx\/Portal\/?p=221165"},"modified":"2025-06-10T16:35:55","modified_gmt":"2025-06-10T23:35:55","slug":"instala-gobierno-de-hermosillo-conficibis-en-tramos-del-bulevar-rio-sonora","status":"publish","type":"post","link":"https:\/\/rnoticias.com.mx\/Portal\/2025\/06\/10\/instala-gobierno-de-hermosillo-conficibis-en-tramos-del-bulevar-rio-sonora\/","title":{"rendered":"Instala Gobierno de Hermosillo conficibis en tramos del bulevar R\u00edo Sonora"},"content":{"rendered":"<p>Hermosillo, Sonora; 10 de junio, 2025.- Con el fin de seguir con la construcci\u00f3n de una ciudad m\u00e1s segura para todas y todos, el Gobierno de Hermosillo trabaja en la instalaci\u00f3n de confibicis en tramos del bulevar Paseo R\u00edo Sonora, entre Galeana y Reforma.<\/p>\n<p>El director de Vialidad y Semaforizaci\u00f3n, Samuel Chenoweth Acosta explic\u00f3 que este punto es clave para mejorar la seguridad de quienes se mueven en bicicleta y fomentar una movilidad m\u00e1s sustentable;<\/p>\n<p>Precis\u00f3 que lo hicieron primero en el cuerpo Norte donde se han recibido reportes de veh\u00edculos estacionados que bloquean el ciclocarril en la zona.<\/p>\n<p>\u201cYa estamos terminando el cuerpo Norte, lo que sigue es el confinamiento del mismo tramo en el cuerpo sur del bulevar\u201d, dijo Chenoweth Acosta.<\/p>\n<p>Mencion\u00f3 que despu\u00e9s de trabajar en dicha zona conflictiva van a instalar los dispositivos en el ciclocarril del bulevar Gaspar Luken y continuar en el bulevar Solidaridad de la calle Pueblo Nuevo hacia el sur.<\/p>\n<p>El funcionario municipal dijo que el plan es avanzar en el bulevar Solidaridad por tramos, donde se tratar\u00e1n las \u00e1reas m\u00e1s conflictivas y las que son m\u00e1s utilizadas por los ciclistas.<\/p>\n","protected":false},"excerpt":{"rendered":"<p>Hermosillo, Sonora; 10 de junio, 2025.- Con el fin de seguir con la construcci\u00f3n de una ciudad m\u00e1s segura para todas y todos, el Gobierno de Hermosillo trabaja en la instalaci\u00f3n de confibicis en tramos del bulevar Paseo R\u00edo Sonora, entre Galeana y Reforma. El director de Vialidad y Semaforizaci\u00f3n, Samuel Chenoweth Acosta explic\u00f3 que [&hellip;]<\/p>\n","protected":false},"author":2,"featured_media":221166,"comment_status":"closed","ping_status":"closed","sticky":false,"template":"","format":"standard","meta":{"footnotes":""},"categories":[12870,178],"tags":[12865,12869],"class_list":["post-221165","post","type-post","status-publish","format-standard","has-post-thumbnail","hentry","category-destacadas","category-local","tag-destacadas","tag-local"],"jetpack_featured_media_url":"https:\/\/rnoticias.com.mx\/Portal\/wp-content\/uploads\/2025\/06\/5fb2bf30-13b3-47e3-a570-31da5970d037.jpg","amp_enabled":true,"_links":{"self":[{"href":"https:\/\/rnoticias.com.mx\/Portal\/wp-json\/wp\/v2\/posts\/221165","targetHints":{"allow":["GET"]}}],"collection":[{"href":"https:\/\/rnoticias.com.mx\/Portal\/wp-json\/wp\/v2\/posts"}],"about":[{"href":"https:\/\/rnoticias.com.mx\/Portal\/wp-json\/wp\/v2\/types\/post"}],"author":[{"embeddable":true,"href":"https:\/\/rnoticias.com.mx\/Portal\/wp-json\/wp\/v2\/users\/2"}],"replies":[{"embeddable":true,"href":"https:\/\/rnoticias.com.mx\/Portal\/wp-json\/wp\/v2\/comments?post=221165"}],"version-history":[{"count":1,"href":"https:\/\/rnoticias.com.mx\/Portal\/wp-json\/wp\/v2\/posts\/221165\/revisions"}],"predecessor-version":[{"id":221167,"href":"https:\/\/rnoticias.com.mx\/Portal\/wp-json\/wp\/v2\/posts\/221165\/revisions\/221167"}],"wp:featuredmedia":[{"embeddable":true,"href":"https:\/\/rnoticias.com.mx\/Portal\/wp-json\/wp\/v2\/media\/221166"}],"wp:attachment":[{"href":"https:\/\/rnoticias.com.mx\/Portal\/wp-json\/wp\/v2\/media?parent=221165"}],"wp:term":[{"taxonomy":"category","embeddable":true,"href":"https:\/\/rnoticias.com.mx\/Portal\/wp-json\/wp\/v2\/categories?post=221165"},{"taxonomy":"post_tag","embeddable":true,"href":"https:\/\/rnoticias.com.mx\/Portal\/wp-json\/wp\/v2\/tags?post=221165"}],"curies":[{"name":"wp","href":"https:\/\/api.w.org\/{rel}","templated":true}]}}