{"id":221158,"date":"2025-06-10T16:18:59","date_gmt":"2025-06-10T23:18:59","guid":{"rendered":"https:\/\/rnoticias.com.mx\/Portal\/?p=221158"},"modified":"2025-06-10T16:18:59","modified_gmt":"2025-06-10T23:18:59","slug":"karol-g-anuncia-fecha-de-lanzamiento-de-tropicoqueta","status":"publish","type":"post","link":"https:\/\/rnoticias.com.mx\/Portal\/2025\/06\/10\/karol-g-anuncia-fecha-de-lanzamiento-de-tropicoqueta\/","title":{"rendered":"Karol G anuncia fecha de lanzamiento de Tropicoqueta"},"content":{"rendered":"<p><strong>Karol G\u00a0<\/strong>est\u00e1 lista para sorprender a sus seguidores con\u00a0<strong>Tropicoqueta,<\/strong>\u00a0su nuevo material, el cual ha anunciado que saldr\u00e1 a la luz el pr\u00f3ximo<strong>\u00a020 de junio.<\/strong><\/p>\n<p>Con este proyecto, la colombiana busca rendir homenaje a la m\u00fasica tropical, un g\u00e9nero que considera parte fundamental de su identidad, describi\u00e9ndolo como<strong>\u00a0\u201calma, pasi\u00f3n, memoria, nostalgia, alegr\u00eda, fiesta e identidad\u201d.<\/strong><\/p>\n<p>La expectativa por este lanzamiento ha crecido, especialmente despu\u00e9s del \u00e9xito rotundo de su gira el a\u00f1o pasado, \u00e9poca en que la int\u00e9rprete de \u201cProvenza\u201d ya estaba ideando esta producci\u00f3n discogr\u00e1fica.<\/p>\n<div id=\"eldia-2176544379\" class=\"eldia-contenido eldia-target\" data-eldia-trackid=\"1573641\" data-eldia-trackbid=\"1\"><\/div>\n<p><strong><em>\u201cViajando por el mundo con mi \u00e1lbum pasado, un \u00e1lbum que me regal\u00f3 tanto, segu\u00eda haci\u00e9ndome la misma pregunta: \u00bfCu\u00e1l es el pr\u00f3ximo paso? \u2026 \u00bfQu\u00e9 viene para m\u00ed? Creo que no se trataba de mirar m\u00e1s lejos, sino de mirar m\u00e1s adentro\u2026 m\u00e1s adentro de m\u00ed, de quien en realidad soy, de las cosas que me gustan, de todo lo que me representa\u2026\u201d<\/em><\/strong>, dijo en un mensaje en redes sociales.<\/p>\n<p><strong><em>\u201cVolver a la ra\u00edz, a las canciones con las que crec\u00ed escuchando, a los sonidos que me hicieron enamorarme de la m\u00fasica\u2026 quedarme en el lugar donde realmente me siento grande porque representa no solo qui\u00e9n soy, sino a esas personas que me han dado la oportunidad de estar donde estoy hoy\u201d<\/em><\/strong>, agreg\u00f3.<\/p>\n<p>Adem\u00e1s, Karol G present\u00f3 la portada de su disco, en la que aparece sentada sobre tres congas y vestida con ropa de samba, una imagen que refuerza el concepto tropical de la grabaci\u00f3n. Con esta presentaci\u00f3n, la cantante deja en claro que su intenci\u00f3n es celebrar la riqueza cultural de los ritmos de su regi\u00f3n y experimentar con nuevos sonidos dentro de esta tem\u00e1tica.<\/p>\n<p>El 22 de mayo, la artista lanz\u00f3\u00a0<strong><em>\u201cLatina foreva\u201d,\u00a0<\/em><\/strong>un sencillo que celebra la diversidad de las mujeres. En la canci\u00f3n, Karol G menciona diferentes nacionalidades,<strong>\u00a0reconociendo la belleza, la fuerza y el impacto de las mujeres de la regi\u00f3n,<\/strong>\u00a0incluyendo un gui\u00f1o especial a las dominicanas.<\/p>\n<p>Es as\u00ed como Karol G demuestra una vez m\u00e1s su versatilidad art\u00edstica y su compromiso con el ritmo que la marc\u00f3 desde los primeros a\u00f1os de su vida.<\/p>\n","protected":false},"excerpt":{"rendered":"<p>Karol G\u00a0est\u00e1 lista para sorprender a sus seguidores con\u00a0Tropicoqueta,\u00a0su nuevo material, el cual ha anunciado que saldr\u00e1 a la luz el pr\u00f3ximo\u00a020 de junio. Con este proyecto, la colombiana busca rendir homenaje a la m\u00fasica tropical, un g\u00e9nero que considera parte fundamental de su identidad, describi\u00e9ndolo como\u00a0\u201calma, pasi\u00f3n, memoria, nostalgia, alegr\u00eda, fiesta e identidad\u201d. La [&hellip;]<\/p>\n","protected":false},"author":2,"featured_media":221159,"comment_status":"closed","ping_status":"closed","sticky":false,"template":"","format":"standard","meta":{"footnotes":""},"categories":[12870,219],"tags":[12865,12875],"class_list":["post-221158","post","type-post","status-publish","format-standard","has-post-thumbnail","hentry","category-destacadas","category-espectaculos","tag-destacadas","tag-espectaculos"],"jetpack_featured_media_url":"https:\/\/rnoticias.com.mx\/Portal\/wp-content\/uploads\/2025\/06\/Karol-G-6.webp","amp_enabled":true,"_links":{"self":[{"href":"https:\/\/rnoticias.com.mx\/Portal\/wp-json\/wp\/v2\/posts\/221158","targetHints":{"allow":["GET"]}}],"collection":[{"href":"https:\/\/rnoticias.com.mx\/Portal\/wp-json\/wp\/v2\/posts"}],"about":[{"href":"https:\/\/rnoticias.com.mx\/Portal\/wp-json\/wp\/v2\/types\/post"}],"author":[{"embeddable":true,"href":"https:\/\/rnoticias.com.mx\/Portal\/wp-json\/wp\/v2\/users\/2"}],"replies":[{"embeddable":true,"href":"https:\/\/rnoticias.com.mx\/Portal\/wp-json\/wp\/v2\/comments?post=221158"}],"version-history":[{"count":1,"href":"https:\/\/rnoticias.com.mx\/Portal\/wp-json\/wp\/v2\/posts\/221158\/revisions"}],"predecessor-version":[{"id":221160,"href":"https:\/\/rnoticias.com.mx\/Portal\/wp-json\/wp\/v2\/posts\/221158\/revisions\/221160"}],"wp:featuredmedia":[{"embeddable":true,"href":"https:\/\/rnoticias.com.mx\/Portal\/wp-json\/wp\/v2\/media\/221159"}],"wp:attachment":[{"href":"https:\/\/rnoticias.com.mx\/Portal\/wp-json\/wp\/v2\/media?parent=221158"}],"wp:term":[{"taxonomy":"category","embeddable":true,"href":"https:\/\/rnoticias.com.mx\/Portal\/wp-json\/wp\/v2\/categories?post=221158"},{"taxonomy":"post_tag","embeddable":true,"href":"https:\/\/rnoticias.com.mx\/Portal\/wp-json\/wp\/v2\/tags?post=221158"}],"curies":[{"name":"wp","href":"https:\/\/api.w.org\/{rel}","templated":true}]}}