{"id":221152,"date":"2025-06-10T16:15:08","date_gmt":"2025-06-10T23:15:08","guid":{"rendered":"https:\/\/rnoticias.com.mx\/Portal\/?p=221152"},"modified":"2025-06-10T16:15:08","modified_gmt":"2025-06-10T23:15:08","slug":"seleccion-mexicana-de-futbol-cambia-de-hotel-en-los-angeles-por-preocupaciones-de-seguridad","status":"publish","type":"post","link":"https:\/\/rnoticias.com.mx\/Portal\/2025\/06\/10\/seleccion-mexicana-de-futbol-cambia-de-hotel-en-los-angeles-por-preocupaciones-de-seguridad\/","title":{"rendered":"Selecci\u00f3n mexicana de f\u00fatbol cambia de hotel en Los \u00c1ngeles por preocupaciones de seguridad"},"content":{"rendered":"<p>El\u00a0<strong>selecci\u00f3n nacional de f\u00fatbol de M\u00e9xico<\/strong>\u00a0cambiar\u00e1 de hotel en Los \u00c1ngeles antes de su partido de la Copa Oro el s\u00e1bado debido a\u00a0<strong>preocupaciones de seguridad\u00a0<\/strong>en medio de las protestas contra las redadas de inmigraci\u00f3n en la ciudad, afirm\u00f3 un portavoz del equipo el martes.<\/p>\n<p>M\u00e9xico jugar\u00e1 su partido inaugural en el torneo regional contra la\u00a0<strong>Rep\u00fablica Dominicana\u00a0<\/strong>en el SoFi Stadium en Inglewood.<\/p>\n<p>El equipo ten\u00eda reservado un hotel en el centro de Los \u00c1ngeles, pero el organismo rector CONCACAF permiti\u00f3 un cambio a un hotel no determinado, inform\u00f3 el portavoz del equipo mexicano,\u00a0<strong>Fernando Schwartz,\u00a0<\/strong>a The Associated Press.<\/p>\n<div id=\"eldia-4164669360\" class=\"eldia-contenido eldia-target\" data-eldia-trackid=\"1573641\" data-eldia-trackbid=\"1\"><\/div>\n<p>CONCACAF, que dirige el f\u00fatbol en Am\u00e9rica del Norte, Central y el Caribe, no ha hecho un anuncio oficial.<\/p>\n<p>Las protestas comenzaron el viernes en el centro de Los \u00c1ngeles despu\u00e9s de que las autoridades federales de inmigraci\u00f3n arrestaran a m\u00e1s de 40 personas en toda la ciudad. El domingo, multitudes\u00a0<strong>bloquearon una autopista principal e incendiaron autos aut\u00f3nomos<\/strong>\u00a0mientras la polic\u00eda respond\u00eda con gases lacrim\u00f3genos, balas de goma y granadas aturdidoras.<\/p>\n<p>El lunes, el presidente Donald Trump orden\u00f3 el env\u00edo de otros 2,000 soldados de la Guardia Nacional junto con 700 marines a Los \u00c1ngeles.<\/p>\n<div class=\"stream-item stream-item-in-post stream-item-inline-post aligncenter\">\n<div class=\"stream-item-size\"><\/div>\n<\/div>\n<p>El entrenador de M\u00e9xico,\u00a0<strong>Javier Aguirre<\/strong>, se mostr\u00f3 reacio a hablar sobre las protestas en una conferencia de prensa el lunes en Chapel Hill, Carolina del Norte, donde el equipo tiene programado jugar un partido amistoso contra Turqu\u00eda el martes.<\/p>\n<p><em><strong>\u201cNo voy a hablar de Los \u00c1ngeles, no voy a hablar, ya les dije que no. Esto es un tema deportivo, en este momento no puedo expresarme. Tenemos un partido contra Turqu\u00eda y no tengo informaci\u00f3n. S\u00e9 lo que vemos en televisi\u00f3n, estamos a miles de kil\u00f3metros y no puedo manifestarme\u201d.<\/strong><\/em><\/p>\n<p>Despu\u00e9s del partido contra la Rep\u00fablica Dominicana, M\u00e9xico volar\u00e1 a Arlington, Texas, para jugar contra Surinam y luego cerrar\u00e1 la primera ronda del torneo contra Costa Rica en Las Vegas.<\/p>\n<p>&nbsp;<\/p>\n<p>AP<\/p>\n","protected":false},"excerpt":{"rendered":"<p>El\u00a0selecci\u00f3n nacional de f\u00fatbol de M\u00e9xico\u00a0cambiar\u00e1 de hotel en Los \u00c1ngeles antes de su partido de la Copa Oro el s\u00e1bado debido a\u00a0preocupaciones de seguridad\u00a0en medio de las protestas contra las redadas de inmigraci\u00f3n en la ciudad, afirm\u00f3 un portavoz del equipo el martes. M\u00e9xico jugar\u00e1 su partido inaugural en el torneo regional contra la\u00a0Rep\u00fablica [&hellip;]<\/p>\n","protected":false},"author":2,"featured_media":221153,"comment_status":"closed","ping_status":"closed","sticky":false,"template":"","format":"standard","meta":{"footnotes":""},"categories":[188,12870],"tags":[5231,12865],"class_list":["post-221152","post","type-post","status-publish","format-standard","has-post-thumbnail","hentry","category-deportes","category-destacadas","tag-deportes","tag-destacadas"],"jetpack_featured_media_url":"https:\/\/rnoticias.com.mx\/Portal\/wp-content\/uploads\/2025\/06\/SeleccionMexicanaMXSP.jpg","amp_enabled":true,"_links":{"self":[{"href":"https:\/\/rnoticias.com.mx\/Portal\/wp-json\/wp\/v2\/posts\/221152","targetHints":{"allow":["GET"]}}],"collection":[{"href":"https:\/\/rnoticias.com.mx\/Portal\/wp-json\/wp\/v2\/posts"}],"about":[{"href":"https:\/\/rnoticias.com.mx\/Portal\/wp-json\/wp\/v2\/types\/post"}],"author":[{"embeddable":true,"href":"https:\/\/rnoticias.com.mx\/Portal\/wp-json\/wp\/v2\/users\/2"}],"replies":[{"embeddable":true,"href":"https:\/\/rnoticias.com.mx\/Portal\/wp-json\/wp\/v2\/comments?post=221152"}],"version-history":[{"count":1,"href":"https:\/\/rnoticias.com.mx\/Portal\/wp-json\/wp\/v2\/posts\/221152\/revisions"}],"predecessor-version":[{"id":221154,"href":"https:\/\/rnoticias.com.mx\/Portal\/wp-json\/wp\/v2\/posts\/221152\/revisions\/221154"}],"wp:featuredmedia":[{"embeddable":true,"href":"https:\/\/rnoticias.com.mx\/Portal\/wp-json\/wp\/v2\/media\/221153"}],"wp:attachment":[{"href":"https:\/\/rnoticias.com.mx\/Portal\/wp-json\/wp\/v2\/media?parent=221152"}],"wp:term":[{"taxonomy":"category","embeddable":true,"href":"https:\/\/rnoticias.com.mx\/Portal\/wp-json\/wp\/v2\/categories?post=221152"},{"taxonomy":"post_tag","embeddable":true,"href":"https:\/\/rnoticias.com.mx\/Portal\/wp-json\/wp\/v2\/tags?post=221152"}],"curies":[{"name":"wp","href":"https:\/\/api.w.org\/{rel}","templated":true}]}}