{"id":221140,"date":"2025-06-10T16:10:52","date_gmt":"2025-06-10T23:10:52","guid":{"rendered":"https:\/\/rnoticias.com.mx\/Portal\/?p=221140"},"modified":"2025-06-10T16:10:52","modified_gmt":"2025-06-10T23:10:52","slug":"con-sonora-atiende-gobernador-durazo-lleva-servicios-gratuitos-a-la-colonia-gomez-morin","status":"publish","type":"post","link":"https:\/\/rnoticias.com.mx\/Portal\/2025\/06\/10\/con-sonora-atiende-gobernador-durazo-lleva-servicios-gratuitos-a-la-colonia-gomez-morin\/","title":{"rendered":"Con \u201cSonora Atiende\u201d Gobernador Durazo lleva servicios gratuitos a la colonia G\u00f3mez Morin"},"content":{"rendered":"<p align=\"left\">Hermosillo, Sonora; 10 de junio de 2025.- La colonia G\u00f3mez Morin fue sede de la tercera semana de actividades del programa \u201cSonora Atiende\u201d, una iniciativa impulsada por el gobernador Alfonso Durazo Monta\u00f1o con el objetivo de acercar los servicios gubernamentales sin costo directamente a las comunidades.<\/p>\n<p align=\"left\">El parque Solidaridad se convirti\u00f3 en un punto de encuentro para cientos de familias que accedieron gratuitamente a tr\u00e1mites y asesor\u00edas en \u00e1reas clave como salud, bienestar, educaci\u00f3n, registro civil, programas sociales, vivienda, empleo, medio ambiente y protecci\u00f3n animal.<\/p>\n<p align=\"left\">A lo largo del parque se instalaron m\u00f3dulos, toldos y carpas donde m\u00e1s de 30 dependencias estatales y federales brindaron atenci\u00f3n personalizada. Los servicios ofrecidos incluyeron consultas m\u00e9dicas, expedici\u00f3n de documentos oficiales, asesor\u00eda legal, orientaci\u00f3n sobre becas y programas de apoyo para mujeres, j\u00f3venes y personas adultas mayores, entre otros, todo de forma gratuita y sin necesidad de salir de la colonia.<\/p>\n<p align=\"left\">Entre los asistentes a la feria de los servicios &#8220;Sonora Atiende&#8221; se encontr\u00f3\u00a0\u00a0Britany P\u00e9rez qui\u00e9n en el m\u00f3dulo del Registro Civil solicit\u00f3 una correcci\u00f3n de su CURP.<\/p>\n<p align=\"left\">&#8220;Pues yo vine a corregir la CURP, y me regalaron un arbolito. Pues la verdad se me hace perfecto que es un tr\u00e1mite ir y venir, el calor, los camiones, la verdad, es un trabajo y es gasto&#8221;, coment\u00f3.<\/p>\n<p align=\"left\">Mar\u00eda Magdalena Adri\u00e1n fue una beneficiada m\u00e1s, tambi\u00e9n solicit\u00f3 una acta de nacimiento.<\/p>\n<p align=\"left\">&#8220;Ahorita yo tengo una necesidad para un tr\u00e1mite, entonces supe que hab\u00eda este servicio y pues dije: voy a ir a ver si me la pueden dar.\u00a0\u00a0Es muy importante porque miro que hay muchos servicios para beneficio de cada uno de nosotros. Felicito al gobernador por tener esa atenci\u00f3n para cada uno de nosotros&#8221;, destac\u00f3.<\/p>\n<p align=\"left\">Jos\u00e9 Jim\u00e9nez, tambi\u00e9n solicit\u00f3 una acta de nacimiento y adem\u00e1s acudi\u00f3 al m\u00f3dulo de la Coordinaci\u00f3n General del Sistema Estatal de Comunicaci\u00f3n Social donde se realiz\u00f3 un examen de la vista y recibi\u00f3 unos lentes para vista cansada.<\/p>\n<p align=\"left\">&#8220;El papel del acta de nacimiento. Los lentes principalmente para la vista. La ayuda que est\u00e1 dando el gobierno de los trabajos, por ejemplo, para mejorar el trabajo. Mucho muy bien, aparte lo que cuesta el acta de nacimiento. La atenci\u00f3n es muy buena y much\u00edsimas gracias&#8221;, expres\u00f3.<\/p>\n<p align=\"left\">Las y los vecinos aprovecharon la oportunidad: resolvieron pendientes, hicieron tr\u00e1mites y fueron escuchados por servidores p\u00fablicos que los atendieron con calidez y respeto. Para muchos, fue la primera vez que pod\u00edan resolver tantos asuntos sin perder d\u00edas de trabajo ni gastar en transporte p\u00fablico para el traslado a las oficinas gubernamentales.<\/p>\n<p align=\"left\">En esta feria de los servicios &#8220;Sonora Atiende&#8221; estuvieron presentes: Sheila Hern\u00e1ndez Alcaraz, secretaria de las Mujeres; Fernando Rojo de la Vega, secretario del Bienestar en Sonora; Lizeth V\u00e1squez Ochoa, directora general del Sistema DIF Sonora; Mary Carrazco, directora general del Instituto Sonorense de Educaci\u00f3n para los Adultos (ISEA); Antonio Gallardo, titular de la Comisi\u00f3n de Vivienda del Estado de Sonora (COVES), H\u00e9ctor Almada Acosta, titular de la Financiera para el Desarrollo Econ\u00f3mico de Sonora (Fideson), as\u00ed como servidoras y servidores p\u00fablicos de las diferentes dependencias estatales y federales.<\/p>\n","protected":false},"excerpt":{"rendered":"<p>Hermosillo, Sonora; 10 de junio de 2025.- La colonia G\u00f3mez Morin fue sede de la tercera semana de actividades del programa \u201cSonora Atiende\u201d, una iniciativa impulsada por el gobernador Alfonso Durazo Monta\u00f1o con el objetivo de acercar los servicios gubernamentales sin costo directamente a las comunidades. El parque Solidaridad se convirti\u00f3 en un punto de [&hellip;]<\/p>\n","protected":false},"author":2,"featured_media":221141,"comment_status":"closed","ping_status":"closed","sticky":false,"template":"","format":"standard","meta":{"footnotes":""},"categories":[12870,178],"tags":[12865,12869],"class_list":["post-221140","post","type-post","status-publish","format-standard","has-post-thumbnail","hentry","category-destacadas","category-local","tag-destacadas","tag-local"],"jetpack_featured_media_url":"https:\/\/rnoticias.com.mx\/Portal\/wp-content\/uploads\/2025\/06\/unnamed-36.jpg","amp_enabled":true,"_links":{"self":[{"href":"https:\/\/rnoticias.com.mx\/Portal\/wp-json\/wp\/v2\/posts\/221140","targetHints":{"allow":["GET"]}}],"collection":[{"href":"https:\/\/rnoticias.com.mx\/Portal\/wp-json\/wp\/v2\/posts"}],"about":[{"href":"https:\/\/rnoticias.com.mx\/Portal\/wp-json\/wp\/v2\/types\/post"}],"author":[{"embeddable":true,"href":"https:\/\/rnoticias.com.mx\/Portal\/wp-json\/wp\/v2\/users\/2"}],"replies":[{"embeddable":true,"href":"https:\/\/rnoticias.com.mx\/Portal\/wp-json\/wp\/v2\/comments?post=221140"}],"version-history":[{"count":1,"href":"https:\/\/rnoticias.com.mx\/Portal\/wp-json\/wp\/v2\/posts\/221140\/revisions"}],"predecessor-version":[{"id":221142,"href":"https:\/\/rnoticias.com.mx\/Portal\/wp-json\/wp\/v2\/posts\/221140\/revisions\/221142"}],"wp:featuredmedia":[{"embeddable":true,"href":"https:\/\/rnoticias.com.mx\/Portal\/wp-json\/wp\/v2\/media\/221141"}],"wp:attachment":[{"href":"https:\/\/rnoticias.com.mx\/Portal\/wp-json\/wp\/v2\/media?parent=221140"}],"wp:term":[{"taxonomy":"category","embeddable":true,"href":"https:\/\/rnoticias.com.mx\/Portal\/wp-json\/wp\/v2\/categories?post=221140"},{"taxonomy":"post_tag","embeddable":true,"href":"https:\/\/rnoticias.com.mx\/Portal\/wp-json\/wp\/v2\/tags?post=221140"}],"curies":[{"name":"wp","href":"https:\/\/api.w.org\/{rel}","templated":true}]}}