{"id":221137,"date":"2025-06-10T16:01:19","date_gmt":"2025-06-10T23:01:19","guid":{"rendered":"https:\/\/rnoticias.com.mx\/Portal\/?p=221137"},"modified":"2025-06-10T16:01:19","modified_gmt":"2025-06-10T23:01:19","slug":"impulsa-tono-astiazaran-talento-de-hermosillenses-en-la-gran-final-de-desafio-incluyente","status":"publish","type":"post","link":"https:\/\/rnoticias.com.mx\/Portal\/2025\/06\/10\/impulsa-tono-astiazaran-talento-de-hermosillenses-en-la-gran-final-de-desafio-incluyente\/","title":{"rendered":"Impulsa To\u00f1o Astiazar\u00e1n talento de hermosillenses en la gran final de Desaf\u00edo Incluyente"},"content":{"rendered":"<p>Hermosillo, Sonora; 10 de junio, 2025.- La fuerza del coraz\u00f3n, la creatividad sin l\u00edmites y el esp\u00edritu emprendedor brillaron en la gran final del Desaf\u00edo Incluyente 2025 encabezada por Antonio Astiazar\u00e1n Guti\u00e9rrez y Patricia Ruibal Zaragoza quienes culminaron esta tercera edici\u00f3n en medio de un ambiente de fiesta.<\/p>\n<p>Entre aplausos y abrazos, el presidente municipal y la presidenta de DIF Hermosillo entregaron los premios a los proyectos ganadores \u201cFrijoles Majo\u201d, en la categor\u00eda Personas con Discapacidad; \u201cPolvos M\u00e1gicos\u201d, en la categor\u00eda Cuidadoras de Personas con Discapacidad; y \u201cChorizo Puro Chuqui\u201d y \u201cDise\u00f1o y Forma en Madera\u201d, como favoritos del p\u00fablico en la categor\u00eda People&#8217;s Choice.<\/p>\n<p>\u201cFelicidades a cada una y cada uno de ustedes ya somos todos los que estamos aqu\u00ed ganadores porque han hecho un gran esfuerzo para llegar el d\u00eda de hoy a recibir estos premios y a todos en el Gobierno Municipal nos llenan de orgullo\u201d, expres\u00f3 To\u00f1o Astiazar\u00e1n.<\/p>\n<p>Fueron diez finalistas que durante cuatro minutos de exposici\u00f3n compartieron sus historias de vida que dejaron una huella profunda entre el p\u00fablico, a trav\u00e9s de cada pitch las y los participantes abrieron su coraz\u00f3n para contar c\u00f3mo sus proyectos nacieron del amor, la necesidad y la determinaci\u00f3n de salir adelante.<\/p>\n<p>La presidenta de DIF Hermosillo reconoci\u00f3 el talento hermosillense que qued\u00f3 demostrado en esta tercera edici\u00f3n de Desaf\u00edo Incluyente que en esta ocasi\u00f3n cont\u00f3 con una bolsa de 200 mil pesos en premios y 100 mil pesos adicionales por parte de To\u00f1o Astiazar\u00e1n y Patty Ruibal.<\/p>\n<p>\u201cHoy es un d\u00eda verdaderamente especial, nos llena de emoci\u00f3n dar inicio a este evento tan significativo donde celebraremos la fuerza, creatividad y la esperanza de personas que con mucho coraz\u00f3n han decidido transformar sus retos en oportunidades\u201d, expres\u00f3 Patty Ruibal.<\/p>\n<p>El evento cont\u00f3 con la participaci\u00f3n de Madeleine Bonnafoux, directora de DIF Hermosillo y \u00d3scar Gast\u00e9lum, director de la Agencia Municipal de Desarrollo Econ\u00f3mico (AMDE) quienes coordinaron esfuerzos para ofrecer sesiones de capacitaci\u00f3n a emprendimientos participantes en Desaf\u00edo Incluyente.<\/p>\n<p>Adem\u00e1s, se cont\u00f3 con asistencia de Jeanette Molina, directora del Consejo Municipal para la Integraci\u00f3n Social de Personas con Discapacidad (COMUDIS) y Omar Guti\u00e9rrez, director del Centro Municipal del Emprendedor y la participaci\u00f3n de un jurado especializado en temas empresariales como Enrique Vega, Javier Coppel, Juan \u00c1lvaro Corral y Alba Scoots quienes realizaron preguntas durante los pitches.<\/p>\n<p>El Gobierno Municipal a trav\u00e9s de Desaf\u00edo Incluyente reafirma el compromiso con la igualdad de oportunidades y un desarrollo econ\u00f3mico accesible para todas las personas con la finalidad de que todos puedan crecer sin quedarse al margen.<\/p>\n","protected":false},"excerpt":{"rendered":"<p>Hermosillo, Sonora; 10 de junio, 2025.- La fuerza del coraz\u00f3n, la creatividad sin l\u00edmites y el esp\u00edritu emprendedor brillaron en la gran final del Desaf\u00edo Incluyente 2025 encabezada por Antonio Astiazar\u00e1n Guti\u00e9rrez y Patricia Ruibal Zaragoza quienes culminaron esta tercera edici\u00f3n en medio de un ambiente de fiesta. Entre aplausos y abrazos, el presidente municipal [&hellip;]<\/p>\n","protected":false},"author":2,"featured_media":221138,"comment_status":"closed","ping_status":"closed","sticky":false,"template":"","format":"standard","meta":{"footnotes":""},"categories":[12870,178],"tags":[12865,12869],"class_list":["post-221137","post","type-post","status-publish","format-standard","has-post-thumbnail","hentry","category-destacadas","category-local","tag-destacadas","tag-local"],"jetpack_featured_media_url":"https:\/\/rnoticias.com.mx\/Portal\/wp-content\/uploads\/2025\/06\/f018175e-2c88-40f3-ae39-31ceca6e8349.jpg","amp_enabled":true,"_links":{"self":[{"href":"https:\/\/rnoticias.com.mx\/Portal\/wp-json\/wp\/v2\/posts\/221137","targetHints":{"allow":["GET"]}}],"collection":[{"href":"https:\/\/rnoticias.com.mx\/Portal\/wp-json\/wp\/v2\/posts"}],"about":[{"href":"https:\/\/rnoticias.com.mx\/Portal\/wp-json\/wp\/v2\/types\/post"}],"author":[{"embeddable":true,"href":"https:\/\/rnoticias.com.mx\/Portal\/wp-json\/wp\/v2\/users\/2"}],"replies":[{"embeddable":true,"href":"https:\/\/rnoticias.com.mx\/Portal\/wp-json\/wp\/v2\/comments?post=221137"}],"version-history":[{"count":1,"href":"https:\/\/rnoticias.com.mx\/Portal\/wp-json\/wp\/v2\/posts\/221137\/revisions"}],"predecessor-version":[{"id":221139,"href":"https:\/\/rnoticias.com.mx\/Portal\/wp-json\/wp\/v2\/posts\/221137\/revisions\/221139"}],"wp:featuredmedia":[{"embeddable":true,"href":"https:\/\/rnoticias.com.mx\/Portal\/wp-json\/wp\/v2\/media\/221138"}],"wp:attachment":[{"href":"https:\/\/rnoticias.com.mx\/Portal\/wp-json\/wp\/v2\/media?parent=221137"}],"wp:term":[{"taxonomy":"category","embeddable":true,"href":"https:\/\/rnoticias.com.mx\/Portal\/wp-json\/wp\/v2\/categories?post=221137"},{"taxonomy":"post_tag","embeddable":true,"href":"https:\/\/rnoticias.com.mx\/Portal\/wp-json\/wp\/v2\/tags?post=221137"}],"curies":[{"name":"wp","href":"https:\/\/api.w.org\/{rel}","templated":true}]}}