{"id":221134,"date":"2025-06-10T16:00:20","date_gmt":"2025-06-10T23:00:20","guid":{"rendered":"https:\/\/rnoticias.com.mx\/Portal\/?p=221134"},"modified":"2025-06-10T16:00:20","modified_gmt":"2025-06-10T23:00:20","slug":"invitan-jovenes-a-usar-y-cuidar-las-paradas-de-camion-refrigeradas-de-hermosillo","status":"publish","type":"post","link":"https:\/\/rnoticias.com.mx\/Portal\/2025\/06\/10\/invitan-jovenes-a-usar-y-cuidar-las-paradas-de-camion-refrigeradas-de-hermosillo\/","title":{"rendered":"Invitan j\u00f3venes a usar y cuidar las paradas de cami\u00f3n refrigeradas de Hermosillo"},"content":{"rendered":"<p>Hermosillo, Sonora; 10 de junio, 2025.- Temperatura constante de 24 grados cent\u00edgrados, sustentabilidad energ\u00e9tica al aprovechar la radiaci\u00f3n solar, vigilancia, puertos de carga de dispositivos electr\u00f3nicos, Wi Fi gratuito y acondicionamiento para usuarias y usuarios con limitaciones de movilidad, son algunas de las ventajas que las paradas de cami\u00f3n refrigeradas de Hermosillo ofrecen a la comunidad.<\/p>\n<p>Integrantes del personal del Instituto Hermosillense de la Juventud (IHJ) se dieron a la tarea de difundir las bondades de los 6 establecimientos que actualmente operan en diferentes puntos de la ciudad, cuyo prop\u00f3sito es que quienes necesitan desplazarse en unidades de transporte urbano las esperen en condiciones dignas, seguras y confortables.<\/p>\n<p>Como parte de esta difusi\u00f3n iniciaron recorridos en las 6 paradas climatizadas que actualmente est\u00e1n en servicio, en las que distribuyen volantes informativos y obsequiaron sueros para la hidrataci\u00f3n, a la vez que proporcionan informaci\u00f3n importante sobre los elementos que se incluyeron en estos espacios y que los hacen \u00fanicos en su tipo en Latinoam\u00e9rica.<\/p>\n<p>Cada parada est\u00e1 equipada con un kit fotovoltaico que cubre sus necesidades el\u00e9ctricas; tienen pantallas electr\u00f3nicas que muestran las rutas disponibles en cada caso, as\u00ed como la proximidad de unidades; las c\u00e1maras de vigilancia est\u00e1n enlazadas al Centro de Coordinaci\u00f3n Control Comando Comunicaci\u00f3n y C\u00f3mputo Informaci\u00f3n e Inteligencia (C5) y cuentan con un bot\u00f3n de p\u00e1nico.<\/p>\n<p>Se ubican en la calle Pino Su\u00e1rez, entre Monterrey y Plutarco El\u00edas Calles; Jos\u00e9 Mar\u00eda Morelos, entre Calle Ponciano Arriaga e Ignacio Mariscal; Luis Encinas esquina con calle Ures; Solidaridad, entre Calle Bamoa y Los Mochis; Colosio, entre Ignacio Pesqueira y Quinta del Roble y en Soriana Progreso, en Progreso y Solidaridad.<\/p>\n","protected":false},"excerpt":{"rendered":"<p>Hermosillo, Sonora; 10 de junio, 2025.- Temperatura constante de 24 grados cent\u00edgrados, sustentabilidad energ\u00e9tica al aprovechar la radiaci\u00f3n solar, vigilancia, puertos de carga de dispositivos electr\u00f3nicos, Wi Fi gratuito y acondicionamiento para usuarias y usuarios con limitaciones de movilidad, son algunas de las ventajas que las paradas de cami\u00f3n refrigeradas de Hermosillo ofrecen a la [&hellip;]<\/p>\n","protected":false},"author":2,"featured_media":221135,"comment_status":"closed","ping_status":"closed","sticky":false,"template":"","format":"standard","meta":{"footnotes":""},"categories":[12870,178],"tags":[12865,12869],"class_list":["post-221134","post","type-post","status-publish","format-standard","has-post-thumbnail","hentry","category-destacadas","category-local","tag-destacadas","tag-local"],"jetpack_featured_media_url":"https:\/\/rnoticias.com.mx\/Portal\/wp-content\/uploads\/2025\/06\/7ed118aa-b7c5-45ef-aeb0-ab5a35cbbc2a-scaled.jpg","amp_enabled":true,"_links":{"self":[{"href":"https:\/\/rnoticias.com.mx\/Portal\/wp-json\/wp\/v2\/posts\/221134","targetHints":{"allow":["GET"]}}],"collection":[{"href":"https:\/\/rnoticias.com.mx\/Portal\/wp-json\/wp\/v2\/posts"}],"about":[{"href":"https:\/\/rnoticias.com.mx\/Portal\/wp-json\/wp\/v2\/types\/post"}],"author":[{"embeddable":true,"href":"https:\/\/rnoticias.com.mx\/Portal\/wp-json\/wp\/v2\/users\/2"}],"replies":[{"embeddable":true,"href":"https:\/\/rnoticias.com.mx\/Portal\/wp-json\/wp\/v2\/comments?post=221134"}],"version-history":[{"count":1,"href":"https:\/\/rnoticias.com.mx\/Portal\/wp-json\/wp\/v2\/posts\/221134\/revisions"}],"predecessor-version":[{"id":221136,"href":"https:\/\/rnoticias.com.mx\/Portal\/wp-json\/wp\/v2\/posts\/221134\/revisions\/221136"}],"wp:featuredmedia":[{"embeddable":true,"href":"https:\/\/rnoticias.com.mx\/Portal\/wp-json\/wp\/v2\/media\/221135"}],"wp:attachment":[{"href":"https:\/\/rnoticias.com.mx\/Portal\/wp-json\/wp\/v2\/media?parent=221134"}],"wp:term":[{"taxonomy":"category","embeddable":true,"href":"https:\/\/rnoticias.com.mx\/Portal\/wp-json\/wp\/v2\/categories?post=221134"},{"taxonomy":"post_tag","embeddable":true,"href":"https:\/\/rnoticias.com.mx\/Portal\/wp-json\/wp\/v2\/tags?post=221134"}],"curies":[{"name":"wp","href":"https:\/\/api.w.org\/{rel}","templated":true}]}}