{"id":221125,"date":"2025-06-10T15:11:26","date_gmt":"2025-06-10T22:11:26","guid":{"rendered":"https:\/\/rnoticias.com.mx\/Portal\/?p=221125"},"modified":"2025-06-10T15:11:26","modified_gmt":"2025-06-10T22:11:26","slug":"asegura-gobierno-de-sonora-equipo-de-videovigilancia-en-caborca-y-hermosillo-ssp","status":"publish","type":"post","link":"https:\/\/rnoticias.com.mx\/Portal\/2025\/06\/10\/asegura-gobierno-de-sonora-equipo-de-videovigilancia-en-caborca-y-hermosillo-ssp\/","title":{"rendered":"Asegura Gobierno de Sonora equipo de videovigilancia en Caborca y Hermosillo: SSP"},"content":{"rendered":"<table class=\"m_1442057298395869556layout\" border=\"0\" width=\"100%\" cellspacing=\"0\" cellpadding=\"0\">\n<tbody>\n<tr>\n<td class=\"m_1442057298395869556column m_1442057298395869556scale m_1442057298395869556stack\" align=\"center\" valign=\"top\">\n<table class=\"m_1442057298395869556text\" border=\"0\" width=\"100%\" cellspacing=\"0\" cellpadding=\"0\">\n<tbody>\n<tr>\n<td class=\"m_1442057298395869556text_content-cell m_1442057298395869556content-padding-horizontal\" align=\"left\" valign=\"top\">Caborca, Sonora; 10 de junio de 2025.- En un trabajo coordinado entre el Gobierno de Sonora y autoridades de los tres niveles de gobierno, localizaron y aseguraron c\u00e1maras de videovigilancia instaladas de forma ilegal en los municipios de Caborca y Hermosillo.<\/p>\n<p>Durante el pasado fin de semana, la Polic\u00eda Estatal de Seguridad P\u00fablica (PESP), en conjunto con la Secretar\u00eda de Marina (Semar) y la Polic\u00eda Municipal de Caborca, llev\u00f3 a cabo operativos que derivaron en el aseguramiento de m\u00e1s de 30 c\u00e1maras colocadas de manera clandestina en diversos puntos de la v\u00eda p\u00fablica.<\/p>\n<p>En Hermosillo, la PESP y la Marina detectaron alrededor de 11 c\u00e1maras durante los patrullajes de vigilancia en las colonias Arco\u00edris, Centro y Villa del Sol.<\/p>\n<p>El equipo instalado de manera ilegal fue retirado de inmediato por los elementos participantes en los operativos, quienes desinstalaron c\u00e1maras y cableado para evitar que sean utilizadas por generadores de violencia en la zona.<\/p>\n<p>Comprometida con la seguridad de las y los sonorenses, la Polic\u00eda Estatal contin\u00faa colaborando en la estrategia integral implementada en coordinaci\u00f3n con los tres niveles de gobierno, y exhorta a la ciudadan\u00eda a reportar cualquier actividad sospechosa al n\u00famero de emergencias 9-1-1 o al 089 para denuncias an\u00f3nimas.<\/td>\n<\/tr>\n<\/tbody>\n<\/table>\n<\/td>\n<\/tr>\n<\/tbody>\n<\/table>\n<table class=\"m_1442057298395869556layout\" border=\"0\" width=\"100%\" cellspacing=\"0\" cellpadding=\"0\">\n<tbody>\n<tr>\n<td class=\"m_1442057298395869556column m_1442057298395869556scale m_1442057298395869556stack\" align=\"center\" valign=\"top\">\n<table class=\"m_1442057298395869556image m_1442057298395869556image--mobile-scale m_1442057298395869556image--mobile-center\" border=\"0\" width=\"100%\" cellspacing=\"0\" cellpadding=\"0\">\n<tbody>\n<tr>\n<td class=\"m_1442057298395869556image_container m_1442057298395869556content-padding-horizontal\" align=\"center\" valign=\"top\"><\/td>\n<\/tr>\n<\/tbody>\n<\/table>\n<\/td>\n<\/tr>\n<\/tbody>\n<\/table>\n","protected":false},"excerpt":{"rendered":"<p>Caborca, Sonora; 10 de junio de 2025.- En un trabajo coordinado entre el Gobierno de Sonora y autoridades de los tres niveles de gobierno, localizaron y aseguraron c\u00e1maras de videovigilancia instaladas de forma ilegal en los municipios de Caborca y Hermosillo. Durante el pasado fin de semana, la Polic\u00eda Estatal de Seguridad P\u00fablica (PESP), en [&hellip;]<\/p>\n","protected":false},"author":2,"featured_media":221126,"comment_status":"closed","ping_status":"closed","sticky":false,"template":"","format":"standard","meta":{"footnotes":""},"categories":[12870,174],"tags":[12865,12873],"class_list":["post-221125","post","type-post","status-publish","format-standard","has-post-thumbnail","hentry","category-destacadas","category-estatal","tag-destacadas","tag-estatal"],"jetpack_featured_media_url":"https:\/\/rnoticias.com.mx\/Portal\/wp-content\/uploads\/2025\/06\/unnamed-1-22.jpg","amp_enabled":true,"_links":{"self":[{"href":"https:\/\/rnoticias.com.mx\/Portal\/wp-json\/wp\/v2\/posts\/221125","targetHints":{"allow":["GET"]}}],"collection":[{"href":"https:\/\/rnoticias.com.mx\/Portal\/wp-json\/wp\/v2\/posts"}],"about":[{"href":"https:\/\/rnoticias.com.mx\/Portal\/wp-json\/wp\/v2\/types\/post"}],"author":[{"embeddable":true,"href":"https:\/\/rnoticias.com.mx\/Portal\/wp-json\/wp\/v2\/users\/2"}],"replies":[{"embeddable":true,"href":"https:\/\/rnoticias.com.mx\/Portal\/wp-json\/wp\/v2\/comments?post=221125"}],"version-history":[{"count":1,"href":"https:\/\/rnoticias.com.mx\/Portal\/wp-json\/wp\/v2\/posts\/221125\/revisions"}],"predecessor-version":[{"id":221127,"href":"https:\/\/rnoticias.com.mx\/Portal\/wp-json\/wp\/v2\/posts\/221125\/revisions\/221127"}],"wp:featuredmedia":[{"embeddable":true,"href":"https:\/\/rnoticias.com.mx\/Portal\/wp-json\/wp\/v2\/media\/221126"}],"wp:attachment":[{"href":"https:\/\/rnoticias.com.mx\/Portal\/wp-json\/wp\/v2\/media?parent=221125"}],"wp:term":[{"taxonomy":"category","embeddable":true,"href":"https:\/\/rnoticias.com.mx\/Portal\/wp-json\/wp\/v2\/categories?post=221125"},{"taxonomy":"post_tag","embeddable":true,"href":"https:\/\/rnoticias.com.mx\/Portal\/wp-json\/wp\/v2\/tags?post=221125"}],"curies":[{"name":"wp","href":"https:\/\/api.w.org\/{rel}","templated":true}]}}