{"id":221122,"date":"2025-06-10T15:10:50","date_gmt":"2025-06-10T22:10:50","guid":{"rendered":"https:\/\/rnoticias.com.mx\/Portal\/?p=221122"},"modified":"2025-06-10T15:10:50","modified_gmt":"2025-06-10T22:10:50","slug":"promueve-gobierno-de-sonora-jornada-por-la-paz-en-san-miguel-de-horcasitas","status":"publish","type":"post","link":"https:\/\/rnoticias.com.mx\/Portal\/2025\/06\/10\/promueve-gobierno-de-sonora-jornada-por-la-paz-en-san-miguel-de-horcasitas\/","title":{"rendered":"Promueve Gobierno de Sonora \u201cJornada por la Paz\u201d en San Miguel de Horcasitas"},"content":{"rendered":"<p>San Miguel de Horcasitas, Sonora; 10 de junio de 2025.- Con la intenci\u00f3n de acercar a la juventud informaci\u00f3n y servicios orientados a la prevenci\u00f3n de violencias, adicciones y al uso responsable de las l\u00edneas 9-1-1 y 089, el Gobierno de Sonora llev\u00f3 el programa Jornada por la Paz a estudiantes de la Telesecundaria No. 235, ubicada en Pueblo Nuevo, San Miguel de Horcasitas.<\/p>\n<p>En apoyo a la estrategia que impulsa el Gobierno de M\u00e9xico, autoridades de la Secretar\u00eda de Seguridad P\u00fablica (SSP) en Sonora visitaron el plantel para interactuar con el alumnado e impartir sesiones informativas que fortalezcan la construcci\u00f3n de paz en sus comunidades.<\/p>\n<p>Los equipos multidisciplinarios de la SSP que participaron en esta jornada estuvieron integrados por elementos de la Polic\u00eda Estatal, cadetes de la Universidad de la Seguridad P\u00fablica y personal del Centro de Control, Comando, Comunicaci\u00f3n, C\u00f3mputo, Coordinaci\u00f3n e Inteligencia (C5I).<\/p>\n<p>Como parte de las actividades, las autoridades de la SSP participaron en la ceremonia de honores a la bandera, fomentando el amor y respeto por la patria. Adem\u00e1s, impartieron pl\u00e1ticas informativas sobre el Sistema SALVA para la prevenci\u00f3n de violencias, as\u00ed como sobre la importancia de una vida libre de adicciones.<\/p>\n<p>Tambi\u00e9n exhortaron a las y los j\u00f3venes a utilizar de manera responsable la l\u00ednea de emergencias 9-1-1, la denuncia an\u00f3nima al 089 y a descargar las aplicaciones preventivas Mujeres Seguras y Antiextorsi\u00f3n Sonora.<\/p>\n","protected":false},"excerpt":{"rendered":"<p>San Miguel de Horcasitas, Sonora; 10 de junio de 2025.- Con la intenci\u00f3n de acercar a la juventud informaci\u00f3n y servicios orientados a la prevenci\u00f3n de violencias, adicciones y al uso responsable de las l\u00edneas 9-1-1 y 089, el Gobierno de Sonora llev\u00f3 el programa Jornada por la Paz a estudiantes de la Telesecundaria No. [&hellip;]<\/p>\n","protected":false},"author":2,"featured_media":221123,"comment_status":"closed","ping_status":"closed","sticky":false,"template":"","format":"standard","meta":{"footnotes":""},"categories":[12870,174],"tags":[12865,12873],"class_list":["post-221122","post","type-post","status-publish","format-standard","has-post-thumbnail","hentry","category-destacadas","category-estatal","tag-destacadas","tag-estatal"],"jetpack_featured_media_url":"https:\/\/rnoticias.com.mx\/Portal\/wp-content\/uploads\/2025\/06\/unnamed-35.jpg","amp_enabled":true,"_links":{"self":[{"href":"https:\/\/rnoticias.com.mx\/Portal\/wp-json\/wp\/v2\/posts\/221122","targetHints":{"allow":["GET"]}}],"collection":[{"href":"https:\/\/rnoticias.com.mx\/Portal\/wp-json\/wp\/v2\/posts"}],"about":[{"href":"https:\/\/rnoticias.com.mx\/Portal\/wp-json\/wp\/v2\/types\/post"}],"author":[{"embeddable":true,"href":"https:\/\/rnoticias.com.mx\/Portal\/wp-json\/wp\/v2\/users\/2"}],"replies":[{"embeddable":true,"href":"https:\/\/rnoticias.com.mx\/Portal\/wp-json\/wp\/v2\/comments?post=221122"}],"version-history":[{"count":1,"href":"https:\/\/rnoticias.com.mx\/Portal\/wp-json\/wp\/v2\/posts\/221122\/revisions"}],"predecessor-version":[{"id":221124,"href":"https:\/\/rnoticias.com.mx\/Portal\/wp-json\/wp\/v2\/posts\/221122\/revisions\/221124"}],"wp:featuredmedia":[{"embeddable":true,"href":"https:\/\/rnoticias.com.mx\/Portal\/wp-json\/wp\/v2\/media\/221123"}],"wp:attachment":[{"href":"https:\/\/rnoticias.com.mx\/Portal\/wp-json\/wp\/v2\/media?parent=221122"}],"wp:term":[{"taxonomy":"category","embeddable":true,"href":"https:\/\/rnoticias.com.mx\/Portal\/wp-json\/wp\/v2\/categories?post=221122"},{"taxonomy":"post_tag","embeddable":true,"href":"https:\/\/rnoticias.com.mx\/Portal\/wp-json\/wp\/v2\/tags?post=221122"}],"curies":[{"name":"wp","href":"https:\/\/api.w.org\/{rel}","templated":true}]}}