{"id":221119,"date":"2025-06-10T15:05:14","date_gmt":"2025-06-10T22:05:14","guid":{"rendered":"https:\/\/rnoticias.com.mx\/Portal\/?p=221119"},"modified":"2025-06-10T15:05:14","modified_gmt":"2025-06-10T22:05:14","slug":"kristi-noem-condena-los-comentarios-de-sheinbaum-sobre-las-protestas-en-los-angeles","status":"publish","type":"post","link":"https:\/\/rnoticias.com.mx\/Portal\/2025\/06\/10\/kristi-noem-condena-los-comentarios-de-sheinbaum-sobre-las-protestas-en-los-angeles\/","title":{"rendered":"Kristi Noem condena los comentarios de Sheinbaum sobre las protestas en Los \u00c1ngeles"},"content":{"rendered":"<p>La secretaria de Seguridad Nacional de Estados Unidos,\u00a0<b>Kristi Noem<\/b>, conden\u00f3 la ma\u00f1ana de este martes los comentarios de la presidenta de M\u00e9xico,\u00a0<b>Claudia Sheinbaum<\/b>, en los que critic\u00f3 los actos violentos cometidos durante las protestas que han estallado en Los \u00c1ngeles contra las redadas migratorias.<\/p>\n<p>\u201cClaudia Sheinbaum alent\u00f3 a que se lleven a cabo m\u00e1s\u00a0protestas en Los \u00c1ngeles\u00a0y la condeno por eso\u201d, dijo Noem a la prensa en una sesi\u00f3n de preguntas de la prensa en la Oficina Oval.<\/p>\n<p>\u201cElla -Sheinbaum- no deber\u00eda estar encauzando las protestas violentas que se est\u00e1n llevando a cabo, la gente puede protestar pac\u00edficamente pero la violencia que hemos visto no es aceptable y no va a pasar en Estados Unidos\u201d, sentenci\u00f3 la secretaria de Seguridad Nacional.<\/p>\n<p>Sheinbaum adem\u00e1s pidi\u00f3 el lunes a las autoridades estadounidenses que respeten el Estado de Derecho en los procesos migratorios.<\/p>\n<p>Kristi Noem prometi\u00f3 el lunes llevar a cabo m\u00e1s operaciones para acorralar a sospechosos de violar las leyes de inmigraci\u00f3n.<\/p>\n<p>Por su parte\u00a0el presidente\u00a0<b>Donald Trump<\/b>\u00a0dijo este mismo martes que invocar\u00eda la\u00a0<b>Ley de Insurrecci\u00f3n<\/b>\u00a0si determina que hay un levantamiento por las protestas en Los \u00c1ngeles.<\/p>\n<p>\u00abSi hay una insurrecci\u00f3n, ciertamente la invocar\u00eda. Ya veremos\u00bb, dijo Trump a los periodistas en el Despacho Oval, un d\u00eda despu\u00e9s de ordenar el\u00a0env\u00edo de unos 700 infantes de marina estadounidenses a Los \u00c1ngeles, como parte de una estrategia federal para sofocar las manifestaciones contra las redadas migratorias.<\/p>\n<p>Trump reiter\u00f3 sus cr\u00edticas al gobernador de California,\u00a0<b>Gavin Newsom<\/b>, y dijo que habl\u00f3 con \u00e9l hace un d\u00eda.<\/p>\n<p>Trump ha justificado su decisi\u00f3n de desplegar tropas militares activas en Los \u00c1ngeles describiendo las protestas como una ocupaci\u00f3n violenta, una caracterizaci\u00f3n que Newsom y Bass han dicho que es muy exagerada.<\/p>\n<p>En una publicaci\u00f3n en las redes sociales el martes,\u00a0<b>Trump dijo que Los \u00c1ngeles estar\u00eda \u00abardiendo hasta los cimientos\u00bb<\/b>\u00a0si no hubiera desplegado tropas en la ciudad.<\/p>\n<p>Newsom acus\u00f3 a Trump de enviar tropas para inflamar deliberadamente la situaci\u00f3n por razones pol\u00edticas y dijo que\u00a0las acciones del presidente\u00a0hicieron m\u00e1s dif\u00edcil la respuesta de las fuerzas del orden locales.<\/p>\n<p>Las protestas desde el viernes han sido en su mayor\u00eda pac\u00edficas y se han concentrado sobre todo en el centro de Los \u00c1ngeles. Sin embargo, se han producido enfrentamientos: algunos manifestantes han lanzado piedras y otros objetos a los agentes, bloquearon una autopista interestatal y incendiaron coches.<\/p>\n<p>Varios comercios fueron saqueados, y la polic\u00eda ha respondido disparando granadas aturdidoras y gases lacrim\u00f3genos.<\/p>\n<p>El Departamento de Polic\u00eda de Los \u00c1ngeles dijo que detuvo al menos a 40 personas durante el fin de semana por cargos que incluyen intento de asesinato con un c\u00f3ctel molotov y agresi\u00f3n a un oficial, y funcionarios dijeron que esperaban m\u00e1s detenciones.<\/p>\n","protected":false},"excerpt":{"rendered":"<p>La secretaria de Seguridad Nacional de Estados Unidos,\u00a0Kristi Noem, conden\u00f3 la ma\u00f1ana de este martes los comentarios de la presidenta de M\u00e9xico,\u00a0Claudia Sheinbaum, en los que critic\u00f3 los actos violentos cometidos durante las protestas que han estallado en Los \u00c1ngeles contra las redadas migratorias. \u201cClaudia Sheinbaum alent\u00f3 a que se lleven a cabo m\u00e1s\u00a0protestas en [&hellip;]<\/p>\n","protected":false},"author":2,"featured_media":221120,"comment_status":"closed","ping_status":"closed","sticky":false,"template":"","format":"standard","meta":{"footnotes":""},"categories":[12870,172],"tags":[12865,12874],"class_list":["post-221119","post","type-post","status-publish","format-standard","has-post-thumbnail","hentry","category-destacadas","category-nacional","tag-destacadas","tag-nacional"],"jetpack_featured_media_url":"https:\/\/rnoticias.com.mx\/Portal\/wp-content\/uploads\/2025\/06\/67e74ecdc1b64.jpeg","amp_enabled":true,"_links":{"self":[{"href":"https:\/\/rnoticias.com.mx\/Portal\/wp-json\/wp\/v2\/posts\/221119","targetHints":{"allow":["GET"]}}],"collection":[{"href":"https:\/\/rnoticias.com.mx\/Portal\/wp-json\/wp\/v2\/posts"}],"about":[{"href":"https:\/\/rnoticias.com.mx\/Portal\/wp-json\/wp\/v2\/types\/post"}],"author":[{"embeddable":true,"href":"https:\/\/rnoticias.com.mx\/Portal\/wp-json\/wp\/v2\/users\/2"}],"replies":[{"embeddable":true,"href":"https:\/\/rnoticias.com.mx\/Portal\/wp-json\/wp\/v2\/comments?post=221119"}],"version-history":[{"count":1,"href":"https:\/\/rnoticias.com.mx\/Portal\/wp-json\/wp\/v2\/posts\/221119\/revisions"}],"predecessor-version":[{"id":221121,"href":"https:\/\/rnoticias.com.mx\/Portal\/wp-json\/wp\/v2\/posts\/221119\/revisions\/221121"}],"wp:featuredmedia":[{"embeddable":true,"href":"https:\/\/rnoticias.com.mx\/Portal\/wp-json\/wp\/v2\/media\/221120"}],"wp:attachment":[{"href":"https:\/\/rnoticias.com.mx\/Portal\/wp-json\/wp\/v2\/media?parent=221119"}],"wp:term":[{"taxonomy":"category","embeddable":true,"href":"https:\/\/rnoticias.com.mx\/Portal\/wp-json\/wp\/v2\/categories?post=221119"},{"taxonomy":"post_tag","embeddable":true,"href":"https:\/\/rnoticias.com.mx\/Portal\/wp-json\/wp\/v2\/tags?post=221119"}],"curies":[{"name":"wp","href":"https:\/\/api.w.org\/{rel}","templated":true}]}}