{"id":221105,"date":"2025-06-10T10:26:41","date_gmt":"2025-06-10T17:26:41","guid":{"rendered":"https:\/\/rnoticias.com.mx\/Portal\/?p=221105"},"modified":"2025-06-10T10:26:41","modified_gmt":"2025-06-10T17:26:41","slug":"claudia-sheinbaum-descarta-que-mexico-salga-de-la-oea-tras-informe-sobre-eleccion-judicial","status":"publish","type":"post","link":"https:\/\/rnoticias.com.mx\/Portal\/2025\/06\/10\/claudia-sheinbaum-descarta-que-mexico-salga-de-la-oea-tras-informe-sobre-eleccion-judicial\/","title":{"rendered":"Claudia Sheinbaum descarta que M\u00e9xico salga de la OEA tras informe sobre elecci\u00f3n judicial"},"content":{"rendered":"<p>La presidenta Claudia Sheinbaum Pardo descart\u00f3 que M\u00e9xico salga de la Organizaci\u00f3n de Estados Americanos (OEA), tras su informe preliminar sobre la elecci\u00f3n judicial del domingo 1 de junio.<\/p>\n<p>En la conferencia matutina de Palacio Nacional, Sheinbaum Pardo apunt\u00f3 que con este informe dicho organismo excedi\u00f3 sus funciones, raz\u00f3n por la cual la Canciller\u00eda mexicana envi\u00f3 una carta para hacer ver esta situaci\u00f3n.<\/p>\n<p>\u201cExcede completamente los estatutos de la OEA, por eso esa carta que env\u00eda la Canciller\u00eda que se envi\u00f3 una carta y en estos d\u00edas tambi\u00e9n se va a estar hablando con la OEA, porque no estamos de acuerdo con este posicionamiento que excede completamente su funci\u00f3n y realmente entra a asuntos pol\u00edticos que solamente tienen que ver con las y los mexicanos\u201d, refiri\u00f3.<\/p>\n<p>No hemos considerado salir de la OEA\u201d, dej\u00f3 en claro la mandataria.<\/p>\n<p>La Misi\u00f3n de Observaci\u00f3n Electoral de la OEA recomend\u00f3 no replicar el modelo mexicano de elecci\u00f3n judicial en otros pa\u00edses de la regi\u00f3n, tras constatar m\u00faltiples problemas en el primer proceso de este tipo en M\u00e9xico, en el que participaron apenas el 13 por ciento de los electores.<\/p>\n<p>En su informe preliminar, la misi\u00f3n afirm\u00f3 que este modelo no tiene precedentes a nivel mundial y que lejos de fortalecer la justicia, podr\u00eda debilitar su imparcialidad, independencia y eficacia.<\/p>\n<p>\u201cLa Misi\u00f3n no recomienda que este modelo de selecci\u00f3n de jueces se replique para otros pa\u00edses de la regi\u00f3n\u201d, se\u00f1ala el documento, que tambi\u00e9n cuestiona la idoneidad de los perfiles de los candidatos, al no haberse aplicado ex\u00e1menes estandarizados en los procesos de selecci\u00f3n.<\/p>\n<p>El domingo 1 de junio se llevaron a cabo en M\u00e9xico las primeras elecciones de m\u00e1s de 880 cargos judiciales federales, entre los que se eligi\u00f3 a nueve ministros de la Suprema Corte de Justicia de la Naci\u00f3n (SCJN), resultado de una reforma constitucional del expresidente Andr\u00e9s Manuel L\u00f3pez Obrador (2018-2024).<\/p>\n<p>Los primeros resultados de la in\u00e9dita elecci\u00f3n judicial apunta a que el oficialismo controlar\u00e1 las principales instancias del nuevo Poder Judicial, con candidatos afines dominando los puestos en la Suprema Corte y el reci\u00e9n creado Tribunal de Disciplina Judicial .<\/p>\n","protected":false},"excerpt":{"rendered":"<p>La presidenta Claudia Sheinbaum Pardo descart\u00f3 que M\u00e9xico salga de la Organizaci\u00f3n de Estados Americanos (OEA), tras su informe preliminar sobre la elecci\u00f3n judicial del domingo 1 de junio. En la conferencia matutina de Palacio Nacional, Sheinbaum Pardo apunt\u00f3 que con este informe dicho organismo excedi\u00f3 sus funciones, raz\u00f3n por la cual la Canciller\u00eda mexicana [&hellip;]<\/p>\n","protected":false},"author":2,"featured_media":221106,"comment_status":"closed","ping_status":"closed","sticky":false,"template":"","format":"standard","meta":{"footnotes":""},"categories":[12870,172],"tags":[12865,12874],"class_list":["post-221105","post","type-post","status-publish","format-standard","has-post-thumbnail","hentry","category-destacadas","category-nacional","tag-destacadas","tag-nacional"],"jetpack_featured_media_url":"https:\/\/rnoticias.com.mx\/Portal\/wp-content\/uploads\/2025\/06\/14-6-860x557-1.webp","amp_enabled":true,"_links":{"self":[{"href":"https:\/\/rnoticias.com.mx\/Portal\/wp-json\/wp\/v2\/posts\/221105","targetHints":{"allow":["GET"]}}],"collection":[{"href":"https:\/\/rnoticias.com.mx\/Portal\/wp-json\/wp\/v2\/posts"}],"about":[{"href":"https:\/\/rnoticias.com.mx\/Portal\/wp-json\/wp\/v2\/types\/post"}],"author":[{"embeddable":true,"href":"https:\/\/rnoticias.com.mx\/Portal\/wp-json\/wp\/v2\/users\/2"}],"replies":[{"embeddable":true,"href":"https:\/\/rnoticias.com.mx\/Portal\/wp-json\/wp\/v2\/comments?post=221105"}],"version-history":[{"count":1,"href":"https:\/\/rnoticias.com.mx\/Portal\/wp-json\/wp\/v2\/posts\/221105\/revisions"}],"predecessor-version":[{"id":221107,"href":"https:\/\/rnoticias.com.mx\/Portal\/wp-json\/wp\/v2\/posts\/221105\/revisions\/221107"}],"wp:featuredmedia":[{"embeddable":true,"href":"https:\/\/rnoticias.com.mx\/Portal\/wp-json\/wp\/v2\/media\/221106"}],"wp:attachment":[{"href":"https:\/\/rnoticias.com.mx\/Portal\/wp-json\/wp\/v2\/media?parent=221105"}],"wp:term":[{"taxonomy":"category","embeddable":true,"href":"https:\/\/rnoticias.com.mx\/Portal\/wp-json\/wp\/v2\/categories?post=221105"},{"taxonomy":"post_tag","embeddable":true,"href":"https:\/\/rnoticias.com.mx\/Portal\/wp-json\/wp\/v2\/tags?post=221105"}],"curies":[{"name":"wp","href":"https:\/\/api.w.org\/{rel}","templated":true}]}}