{"id":221093,"date":"2025-06-10T09:14:13","date_gmt":"2025-06-10T16:14:13","guid":{"rendered":"https:\/\/rnoticias.com.mx\/Portal\/?p=221093"},"modified":"2025-06-10T09:14:13","modified_gmt":"2025-06-10T16:14:13","slug":"inaugura-ine-proceso-formativo-de-juventudactuamx-edicion-2025","status":"publish","type":"post","link":"https:\/\/rnoticias.com.mx\/Portal\/2025\/06\/10\/inaugura-ine-proceso-formativo-de-juventudactuamx-edicion-2025\/","title":{"rendered":"Inaugura INE proceso formativo de #JuventudAct\u00faaMX edici\u00f3n 2025"},"content":{"rendered":"<p class=\"x_MsoNormal\"><span data-olk-copy-source=\"MessageBody\">El Instituto Nacional Electoral (INE) dio inicio al proceso formativo del programa #JuventudAct\u00faaMX, edici\u00f3n 2025, que busca impulsar y fortalecer la participaci\u00f3n, conocimientos y habilidades de las juventudes, a trav\u00e9s de un proceso de capacitaci\u00f3n y acompa\u00f1amiento para incidir en pol\u00edticas p\u00fablicas, desde un enfoque de derechos humanos y perspectiva de g\u00e9nero.<\/span><\/p>\n<p class=\"x_MsoNormal\">\n<p class=\"x_MsoNormal\">Mediante #JuventudAct\u00faaMX 2025, las y los j\u00f3venes podr\u00e1n promover la participaci\u00f3n ciudadana en los asuntos p\u00fablicos y la incidencia en pol\u00edticas p\u00fablicas para el avance de las agendas de igualdad de g\u00e9nero, prevenci\u00f3n de la Violencia Pol\u00edtica contra las Mujeres en Raz\u00f3n de G\u00e9nero y el ejercicio de los derechos humanos de las mujeres, las personas ind\u00edgenas, afromexicanas y LGBTTTIQ+.<\/p>\n<p class=\"x_MsoNormal\">\n<p class=\"x_MsoNormal\">Durante el acto inaugural, el Consejero e integrante de la Comisi\u00f3n de Capacitaci\u00f3n Electoral y Educaci\u00f3n C\u00edvica, Uuc-kib Espadas Ancona asegur\u00f3 que este proyecto del INE es particularmente importante \u201cporque es donde esta instituci\u00f3n promueve la participaci\u00f3n en niveles que van m\u00e1s all\u00e1 de lo electoral\u201d, de manera directa, impulsando el cambio, la formaci\u00f3n y la inclusi\u00f3n aut\u00e9ntica por la v\u00eda de los hechos y la atenci\u00f3n a distintos problemas de la sociedad contempor\u00e1nea.<\/p>\n<p class=\"x_MsoNormal\">\n<p class=\"x_MsoNormal\">A las y los j\u00f3venes que participar\u00e1n en la edici\u00f3n 2025 de #JuventudAct\u00faaMX, el Consejero les expres\u00f3 que son una parte muy importante del esfuerzo de todos los d\u00edas por crecer y desarrollar una sociedad m\u00e1s justa, equitativa y \u201cque sepa aprovechar a plenitud las grandes capacidades de la juventud\u201d.<\/p>\n<p class=\"x_MsoNormal\">\n<p class=\"x_MsoNormal\"><b><i>La democracia necesita personas dem\u00f3cratas de todas las edades<\/i><\/b><\/p>\n<p class=\"x_MsoNormal\"><b><i>\u00a0<\/i><\/b><\/p>\n<p class=\"x_MsoNormal\">Por su parte, el Consejero y tambi\u00e9n integrante de la Comisi\u00f3n, Jaime Rivera Vel\u00e1zquez, apunt\u00f3 que #JuventudAct\u00faaMX es un espacio de participaci\u00f3n juvenil que contribuye a la democracia y que ampl\u00eda las oportunidades de que las personas j\u00f3venes puedan participar en el an\u00e1lisis y la deliberaci\u00f3n de los temas que les competen en sus comunidades.<\/p>\n<p class=\"x_MsoNormal\">\n<p class=\"x_MsoNormal\">Como en a\u00f1os pasados, celebr\u00f3 que el INE le siga dando voz a muchas y muchos j\u00f3venes en su m\u00e1s amplia diversidad para que construyan un pa\u00eds m\u00e1s inclusivo. Adem\u00e1s, enfatiz\u00f3 que \u201cuna democracia para funcionar necesita de dem\u00f3cratas de todas las edades\u201d y que el est\u00edmulo de la ciudadan\u00eda juvenil para que participe en los asuntos p\u00fablicos ser\u00e1 la mejor inversi\u00f3n para un futuro democr\u00e1tico.<\/p>\n<p class=\"x_MsoNormal\">\n<p class=\"x_MsoNormal\">En su intervenci\u00f3n, la Directora de Capacitaci\u00f3n Electoral y Educaci\u00f3n C\u00edvica, Mar\u00eda Elena Cornejo Esparza, subray\u00f3 que en el INE se tiene el firme prop\u00f3sito de promover y fortalecer la participaci\u00f3n de las juventudes mexicanas en la soluci\u00f3n de problemas p\u00fablicos que les aquejan, \u201cbuscando que sus distintas voces y experiencias sean escuchadas y puedan incidir en la construcci\u00f3n de pol\u00edticas p\u00fablicas\u201d.<\/p>\n<p class=\"x_MsoNormal\">\n<p class=\"x_MsoNormal\">Por su parte, la Titular de la Unidad T\u00e9cnica de Igualdad de G\u00e9nero y No Discriminaci\u00f3n, Flor Dessir\u00e9 Le\u00f3n Hern\u00e1ndez, destac\u00f3 que desde este espacio se construye y fortalece la democracia participativa, paritaria e incluyente. Adem\u00e1s, se pronunci\u00f3 convencida de que las y los j\u00f3venes participantes en esta edici\u00f3n son personas clave para el cambio de su comunidad e incidir\u00e1n con grandes pol\u00edticas p\u00fablicas que permitir\u00e1n mejorar sus entornos.<\/p>\n<p class=\"x_MsoNormal\">\n<p class=\"x_MsoNormal\">En la inauguraci\u00f3n tambi\u00e9n particip\u00f3 la Codirectora de Alternativas y Capacidades A. C. (aliada estrat\u00e9gica del INE en este programa), Jennifer Rebecca Zehner, as\u00ed como el y las participantes de ediciones anteriores de #JuventudAct\u00faaMX, Hillary Mitzuky Flores Villag\u00f3mez, Erik Alberto Riojas Viedma y Anah\u00ed Rodr\u00edguez Mart\u00ednez.<\/p>\n<p class=\"x_MsoNormal\">\n<p class=\"x_MsoNormal\">En sus intervenciones, las personas j\u00f3venes coincidieron que este programa es un espacio que favorece la participaci\u00f3n para incidir en pol\u00edticas p\u00fablicas y sirve para hacer comunidad.<\/p>\n","protected":false},"excerpt":{"rendered":"<p>El Instituto Nacional Electoral (INE) dio inicio al proceso formativo del programa #JuventudAct\u00faaMX, edici\u00f3n 2025, que busca impulsar y fortalecer la participaci\u00f3n, conocimientos y habilidades de las juventudes, a trav\u00e9s de un proceso de capacitaci\u00f3n y acompa\u00f1amiento para incidir en pol\u00edticas p\u00fablicas, desde un enfoque de derechos humanos y perspectiva de g\u00e9nero. Mediante #JuventudAct\u00faaMX 2025, [&hellip;]<\/p>\n","protected":false},"author":2,"featured_media":221094,"comment_status":"closed","ping_status":"closed","sticky":false,"template":"","format":"standard","meta":{"footnotes":""},"categories":[12870,172],"tags":[12865,12874],"class_list":["post-221093","post","type-post","status-publish","format-standard","has-post-thumbnail","hentry","category-destacadas","category-nacional","tag-destacadas","tag-nacional"],"jetpack_featured_media_url":"https:\/\/rnoticias.com.mx\/Portal\/wp-content\/uploads\/2025\/06\/JuventudActua-MX-2025-09-de-junio.jpeg","amp_enabled":true,"_links":{"self":[{"href":"https:\/\/rnoticias.com.mx\/Portal\/wp-json\/wp\/v2\/posts\/221093","targetHints":{"allow":["GET"]}}],"collection":[{"href":"https:\/\/rnoticias.com.mx\/Portal\/wp-json\/wp\/v2\/posts"}],"about":[{"href":"https:\/\/rnoticias.com.mx\/Portal\/wp-json\/wp\/v2\/types\/post"}],"author":[{"embeddable":true,"href":"https:\/\/rnoticias.com.mx\/Portal\/wp-json\/wp\/v2\/users\/2"}],"replies":[{"embeddable":true,"href":"https:\/\/rnoticias.com.mx\/Portal\/wp-json\/wp\/v2\/comments?post=221093"}],"version-history":[{"count":1,"href":"https:\/\/rnoticias.com.mx\/Portal\/wp-json\/wp\/v2\/posts\/221093\/revisions"}],"predecessor-version":[{"id":221095,"href":"https:\/\/rnoticias.com.mx\/Portal\/wp-json\/wp\/v2\/posts\/221093\/revisions\/221095"}],"wp:featuredmedia":[{"embeddable":true,"href":"https:\/\/rnoticias.com.mx\/Portal\/wp-json\/wp\/v2\/media\/221094"}],"wp:attachment":[{"href":"https:\/\/rnoticias.com.mx\/Portal\/wp-json\/wp\/v2\/media?parent=221093"}],"wp:term":[{"taxonomy":"category","embeddable":true,"href":"https:\/\/rnoticias.com.mx\/Portal\/wp-json\/wp\/v2\/categories?post=221093"},{"taxonomy":"post_tag","embeddable":true,"href":"https:\/\/rnoticias.com.mx\/Portal\/wp-json\/wp\/v2\/tags?post=221093"}],"curies":[{"name":"wp","href":"https:\/\/api.w.org\/{rel}","templated":true}]}}