{"id":221084,"date":"2025-06-10T08:41:08","date_gmt":"2025-06-10T15:41:08","guid":{"rendered":"https:\/\/rnoticias.com.mx\/Portal\/?p=221084"},"modified":"2025-06-10T08:41:08","modified_gmt":"2025-06-10T15:41:08","slug":"gobernador-durazo-inicia-foros-para-actualizar-el-plan-estatal-de-desarrollo","status":"publish","type":"post","link":"https:\/\/rnoticias.com.mx\/Portal\/2025\/06\/10\/gobernador-durazo-inicia-foros-para-actualizar-el-plan-estatal-de-desarrollo\/","title":{"rendered":"Gobernador Durazo inicia foros para actualizar el Plan Estatal de Desarrollo"},"content":{"rendered":"<p>Hermosillo, Sonora; 9 de junio de 2025.- Con el prop\u00f3sito de armonizar las acciones del Gobierno de Sonora con el Plan Nacional de Desarrollo que impulsa la presidenta Claudia Sheinbaum Pardo, el gobernador Alfonso Durazo Monta\u00f1o inaugur\u00f3 los foros de consulta p\u00fablica para la actualizaci\u00f3n del Plan Estatal de Desarrollo 2022-2027, donde se analizar\u00e1n y redise\u00f1ar\u00e1n proyectos estatales bajo nuevas condiciones sociales, econ\u00f3micas y ambientales.<\/p>\n<p>El jefe del Ejecutivo estatal destac\u00f3 que este espacio de encuentro entre sectores sociales, acad\u00e9micos, empresariales, organizaciones civiles y autoridades locales permitir\u00e1 establecer un di\u00e1logo participativo e incluyente, enfocado en fortalecer la planeaci\u00f3n estatal con base en las prioridades de esta nueva etapa nacional.<\/p>\n<p>\u201cPoner siempre, en todo momento, como centro de nuestra tarea de gobierno el bienestar de todas y todos los sonorenses, especialmente de quienes m\u00e1s lo necesitan. Por eso es tan importante abrir este espacio de reflexi\u00f3n, estos foros que son para escucharlos con humildad, sensibilidad y \u00e1nimo de di\u00e1logo y an\u00e1lisis constructivo\u201d, afirm\u00f3 el gobernador Durazo.<\/p>\n<p>La jefa de la Oficina del Ejecutivo Estatal, Paulina Oca\u00f1a, explic\u00f3 que se ha dise\u00f1ado una metodolog\u00eda participativa, incluyente y sistem\u00e1tica que permitir\u00e1 integrar propuestas concretas al nuevo Plan Estatal de Desarrollo.<\/p>\n<p>Por su parte, el director general de Hermosillo \u00bfC\u00f3mo Vamos?, Ernesto Urbina Miranda, reconoci\u00f3 la relevancia de este ejercicio, al convocar a transformar la realidad de Sonora mediante la colaboraci\u00f3n entre todos los sectores de la sociedad.<\/p>\n<p>Los foros de consulta p\u00fablica para la actualizaci\u00f3n del Plan Estatal de Desarrollo se realizar\u00e1n del 9 al 13 de junio en el Museo de las Artes de Sonora (MUSAS), de 8:30 a 14:30 horas. Se abordar\u00e1n cinco bloques tem\u00e1ticos: Un Gobierno para Todas y Todos; Bienestar Social con Justicia; Desarrollo Seguro, Econ\u00f3mico y Sustentable; Igualdad y Derechos para Todas y Todos; e Innovaci\u00f3n P\u00fablica para un Gobierno Inteligente.<\/p>\n","protected":false},"excerpt":{"rendered":"<p>Hermosillo, Sonora; 9 de junio de 2025.- Con el prop\u00f3sito de armonizar las acciones del Gobierno de Sonora con el Plan Nacional de Desarrollo que impulsa la presidenta Claudia Sheinbaum Pardo, el gobernador Alfonso Durazo Monta\u00f1o inaugur\u00f3 los foros de consulta p\u00fablica para la actualizaci\u00f3n del Plan Estatal de Desarrollo 2022-2027, donde se analizar\u00e1n y [&hellip;]<\/p>\n","protected":false},"author":2,"featured_media":221085,"comment_status":"closed","ping_status":"closed","sticky":false,"template":"","format":"standard","meta":{"footnotes":""},"categories":[12870,178],"tags":[12865,12869],"class_list":["post-221084","post","type-post","status-publish","format-standard","has-post-thumbnail","hentry","category-destacadas","category-local","tag-destacadas","tag-local"],"jetpack_featured_media_url":"https:\/\/rnoticias.com.mx\/Portal\/wp-content\/uploads\/2025\/06\/unnamed-31-1.jpg","amp_enabled":true,"_links":{"self":[{"href":"https:\/\/rnoticias.com.mx\/Portal\/wp-json\/wp\/v2\/posts\/221084","targetHints":{"allow":["GET"]}}],"collection":[{"href":"https:\/\/rnoticias.com.mx\/Portal\/wp-json\/wp\/v2\/posts"}],"about":[{"href":"https:\/\/rnoticias.com.mx\/Portal\/wp-json\/wp\/v2\/types\/post"}],"author":[{"embeddable":true,"href":"https:\/\/rnoticias.com.mx\/Portal\/wp-json\/wp\/v2\/users\/2"}],"replies":[{"embeddable":true,"href":"https:\/\/rnoticias.com.mx\/Portal\/wp-json\/wp\/v2\/comments?post=221084"}],"version-history":[{"count":1,"href":"https:\/\/rnoticias.com.mx\/Portal\/wp-json\/wp\/v2\/posts\/221084\/revisions"}],"predecessor-version":[{"id":221086,"href":"https:\/\/rnoticias.com.mx\/Portal\/wp-json\/wp\/v2\/posts\/221084\/revisions\/221086"}],"wp:featuredmedia":[{"embeddable":true,"href":"https:\/\/rnoticias.com.mx\/Portal\/wp-json\/wp\/v2\/media\/221085"}],"wp:attachment":[{"href":"https:\/\/rnoticias.com.mx\/Portal\/wp-json\/wp\/v2\/media?parent=221084"}],"wp:term":[{"taxonomy":"category","embeddable":true,"href":"https:\/\/rnoticias.com.mx\/Portal\/wp-json\/wp\/v2\/categories?post=221084"},{"taxonomy":"post_tag","embeddable":true,"href":"https:\/\/rnoticias.com.mx\/Portal\/wp-json\/wp\/v2\/tags?post=221084"}],"curies":[{"name":"wp","href":"https:\/\/api.w.org\/{rel}","templated":true}]}}