{"id":221079,"date":"2025-06-09T18:19:59","date_gmt":"2025-06-10T01:19:59","guid":{"rendered":"https:\/\/rnoticias.com.mx\/Portal\/?p=221079"},"modified":"2025-06-09T18:19:59","modified_gmt":"2025-06-10T01:19:59","slug":"reconocen-integrantes-de-la-sociedad-a-gobernador-durazo-por-iniciar-consulta-publica-para-actualizar-plan-estatal-de-desarrollo","status":"publish","type":"post","link":"https:\/\/rnoticias.com.mx\/Portal\/2025\/06\/09\/reconocen-integrantes-de-la-sociedad-a-gobernador-durazo-por-iniciar-consulta-publica-para-actualizar-plan-estatal-de-desarrollo\/","title":{"rendered":"Reconocen integrantes de la sociedad a Gobernador Durazo por iniciar consulta p\u00fablica para actualizar Plan Estatal de Desarrollo"},"content":{"rendered":"<p>Hermosillo, Sonora; 9 de junio de 2025.- Con el intercambio de ideas que se realizar\u00e1 durante los foros de consulta p\u00fablica para la actualizaci\u00f3n del Plan Estatal de Desarrollo 2022-2027, que impulsa el gobernador Alfonso Durazo Monta\u00f1o y que atender\u00e1 las nuevas condiciones sociales, econ\u00f3micas y ambientales que atraviesa la entidad, se da certidumbre al rumbo de Sonora y del pa\u00eds, aseguraron diferentes sectores de la sociedad.<\/p>\n<p>Acad\u00e9micos, empresarios, organizaciones no gubernamentales y autoridades locales reconocieron la iniciativa del mandatario sonorense de armonizar las acciones del estado con la agenda de la presidenta Claudia Sheinbaum Pardo contemplada en el Plan Nacional de Desarrollo 2025-2030.<\/p>\n<p>\u201cY esto viene del trabajo de la Cuarta Transformaci\u00f3n como lo ha hecho el gobernador del estado, a ras de suelo de poder llevar este Plan de Desarrollo directamente a los ciudadanos. Estas mesas de trabajo son muy importantes porque uno puede plasmar lo que estamos viviendo d\u00eda a d\u00eda en nuestro municipio, porque es muy diferente lo que se vive en Nogales a lo que se vive en el sur del estado, como es Huatabampo\u201d, subray\u00f3 Alberto V\u00e1zquez Valencia, alcalde de Huatabampo.<\/p>\n<p>\u201cSon muy importantes estas mesas, nos permiten definir ideas, priorizar acciones, aportar desde nuestra experiencia t\u00e9cnica a contribuir a la mejora del estado y de nuestra ciudad. Cada uno de los puntos es importante desde diferentes rubros, en lo particular a nosotros como arquitectos la parte de infraestructura y desarrollo es clave, una infraestructura responsable abona a un desarrollo a futuro y a un mejor estado para nuestros hijos, nuestra familia, tener condiciones que permitan un desarrollo constante\u201d, asegur\u00f3 Roxana L\u00f3pez, acad\u00e9mica.<\/p>\n<p>\u201cYo creo que es algo muy propicio porque acerca al gobierno del estado, al gobierno federal a la gente. Yo creo que se construye desde abajo para arriba. En el caso de la comunidad de Comc\u00e1ac es en el ejercicio de nuestra autonom\u00eda\u201d, se\u00f1al\u00f3 Jes\u00fas Alfredo F\u00e9lix Segovia, gobernador tradicional de la naci\u00f3n Comc\u00e1ac.<\/p>\n<p>\u201cQue mejor que alinearlo con la pol\u00edtica nacional, el Plan Nacional de Desarrollo. Cuenta con todo nuestro apoyo el gobernador en este tipo de acciones que son muy importantes para integrar a la ciudadan\u00eda para que sean part\u00edcipes de la planeaci\u00f3n del desarrollo, estamos confiados de que es una excelente oportunidad para hacerlo\u201d, afirm\u00f3 Natalia Riascos Valencia, profesionista.<\/p>\n<p>\u201cReiterarle al gobernador nuestra confianza en su gobierno, nuestra admiraci\u00f3n y respeto por los logros que tiene para Sonora en estos tiempos tan dif\u00edciles que nos han tocado vivir, sin embargo, con mucha maestr\u00eda y esfuerzo ha logrado poner al estado de Sonora en la mira del mundo, gracias gobernador\u201d, coment\u00f3 Jos\u00e9 Manuel Quijada Lamadrid, alcalde de Agua Prieta.<\/p>\n","protected":false},"excerpt":{"rendered":"<p>Hermosillo, Sonora; 9 de junio de 2025.- Con el intercambio de ideas que se realizar\u00e1 durante los foros de consulta p\u00fablica para la actualizaci\u00f3n del Plan Estatal de Desarrollo 2022-2027, que impulsa el gobernador Alfonso Durazo Monta\u00f1o y que atender\u00e1 las nuevas condiciones sociales, econ\u00f3micas y ambientales que atraviesa la entidad, se da certidumbre al [&hellip;]<\/p>\n","protected":false},"author":2,"featured_media":221080,"comment_status":"closed","ping_status":"closed","sticky":false,"template":"","format":"standard","meta":{"footnotes":""},"categories":[12870,178],"tags":[12865,12869],"class_list":["post-221079","post","type-post","status-publish","format-standard","has-post-thumbnail","hentry","category-destacadas","category-local","tag-destacadas","tag-local"],"jetpack_featured_media_url":"https:\/\/rnoticias.com.mx\/Portal\/wp-content\/uploads\/2025\/06\/85361138-42a6-4fe8-a067-d18b61e076ee-scaled.jpg","amp_enabled":true,"_links":{"self":[{"href":"https:\/\/rnoticias.com.mx\/Portal\/wp-json\/wp\/v2\/posts\/221079","targetHints":{"allow":["GET"]}}],"collection":[{"href":"https:\/\/rnoticias.com.mx\/Portal\/wp-json\/wp\/v2\/posts"}],"about":[{"href":"https:\/\/rnoticias.com.mx\/Portal\/wp-json\/wp\/v2\/types\/post"}],"author":[{"embeddable":true,"href":"https:\/\/rnoticias.com.mx\/Portal\/wp-json\/wp\/v2\/users\/2"}],"replies":[{"embeddable":true,"href":"https:\/\/rnoticias.com.mx\/Portal\/wp-json\/wp\/v2\/comments?post=221079"}],"version-history":[{"count":1,"href":"https:\/\/rnoticias.com.mx\/Portal\/wp-json\/wp\/v2\/posts\/221079\/revisions"}],"predecessor-version":[{"id":221081,"href":"https:\/\/rnoticias.com.mx\/Portal\/wp-json\/wp\/v2\/posts\/221079\/revisions\/221081"}],"wp:featuredmedia":[{"embeddable":true,"href":"https:\/\/rnoticias.com.mx\/Portal\/wp-json\/wp\/v2\/media\/221080"}],"wp:attachment":[{"href":"https:\/\/rnoticias.com.mx\/Portal\/wp-json\/wp\/v2\/media?parent=221079"}],"wp:term":[{"taxonomy":"category","embeddable":true,"href":"https:\/\/rnoticias.com.mx\/Portal\/wp-json\/wp\/v2\/categories?post=221079"},{"taxonomy":"post_tag","embeddable":true,"href":"https:\/\/rnoticias.com.mx\/Portal\/wp-json\/wp\/v2\/tags?post=221079"}],"curies":[{"name":"wp","href":"https:\/\/api.w.org\/{rel}","templated":true}]}}