{"id":221076,"date":"2025-06-09T18:18:11","date_gmt":"2025-06-10T01:18:11","guid":{"rendered":"https:\/\/rnoticias.com.mx\/Portal\/?p=221076"},"modified":"2025-06-09T18:18:11","modified_gmt":"2025-06-10T01:18:11","slug":"sin-definirse-aun-proceso-para-evaluar-a-alumnos-de-escuelas-federales-aepaf","status":"publish","type":"post","link":"https:\/\/rnoticias.com.mx\/Portal\/2025\/06\/09\/sin-definirse-aun-proceso-para-evaluar-a-alumnos-de-escuelas-federales-aepaf\/","title":{"rendered":"Sin definirse a\u00fan proceso para evaluar a alumnos de escuelas federales: AEPAF"},"content":{"rendered":"<p>Ante la suspensi\u00f3n de clases en escuelas de educaci\u00f3n b\u00e1sica federal debido al paro laboral de maestros que exigen la derogaci\u00f3n de la Ley del ISSSTE de 2007, a\u00fan no se ha definido con claridad c\u00f3mo se evaluar\u00e1 a los estudiantes afectados, afirm\u00f3 Cecilio Luna Salazar.<\/p>\n<p>&nbsp;<\/p>\n<p>El presidente de la Asociaci\u00f3n Estatal de Padres de Familia (Aepaf), explic\u00f3 que esta situaci\u00f3n ha generado incertidumbre tanto entre los docentes como entre los padres de familia, quienes esperan una pronta resoluci\u00f3n que garantice el cumplimiento del ciclo escolar.<\/p>\n<p>&nbsp;<\/p>\n<p>\u201cEst\u00e1 por sostenerse en esta semana una reuni\u00f3n con autoridades educativas de Sonora para revisar posibles mecanismos de evaluaci\u00f3n. Debido a los tiempos establecidos en el calendario escolar, ser\u00e1 necesario hacer ajustes para asegurar que se cumpla con los lineamientos normativos vigentes sin perjudicar a los alumnos\u201d, asever\u00f3.<\/p>\n<p>&nbsp;<\/p>\n<p>Luna Salazar asegur\u00f3 que, una vez que se definan las medidas a tomar, se dar\u00e1 aviso oportuno a los padres de familia y est\u00e9n muy bien informados de todo ello.<\/p>\n<p>&nbsp;<\/p>\n<p>Agreg\u00f3, que la Secretar\u00eda de Educaci\u00f3n y Cultura ya trabaja en alternativas para garantizar que los estudiantes puedan ser evaluados de forma justa, a pesar de las interrupciones en el calendario escolar<\/p>\n<p>&nbsp;<\/p>\n<p>&nbsp;<\/p>\n","protected":false},"excerpt":{"rendered":"<p>Ante la suspensi\u00f3n de clases en escuelas de educaci\u00f3n b\u00e1sica federal debido al paro laboral de maestros que exigen la derogaci\u00f3n de la Ley del ISSSTE de 2007, a\u00fan no se ha definido con claridad c\u00f3mo se evaluar\u00e1 a los estudiantes afectados, afirm\u00f3 Cecilio Luna Salazar. &nbsp; El presidente de la Asociaci\u00f3n Estatal de Padres [&hellip;]<\/p>\n","protected":false},"author":2,"featured_media":221077,"comment_status":"closed","ping_status":"closed","sticky":false,"template":"","format":"standard","meta":{"footnotes":""},"categories":[12870,178],"tags":[12865,12869],"class_list":["post-221076","post","type-post","status-publish","format-standard","has-post-thumbnail","hentry","category-destacadas","category-local","tag-destacadas","tag-local"],"jetpack_featured_media_url":"https:\/\/rnoticias.com.mx\/Portal\/wp-content\/uploads\/2025\/06\/682622a6c0400.jpg","amp_enabled":true,"_links":{"self":[{"href":"https:\/\/rnoticias.com.mx\/Portal\/wp-json\/wp\/v2\/posts\/221076","targetHints":{"allow":["GET"]}}],"collection":[{"href":"https:\/\/rnoticias.com.mx\/Portal\/wp-json\/wp\/v2\/posts"}],"about":[{"href":"https:\/\/rnoticias.com.mx\/Portal\/wp-json\/wp\/v2\/types\/post"}],"author":[{"embeddable":true,"href":"https:\/\/rnoticias.com.mx\/Portal\/wp-json\/wp\/v2\/users\/2"}],"replies":[{"embeddable":true,"href":"https:\/\/rnoticias.com.mx\/Portal\/wp-json\/wp\/v2\/comments?post=221076"}],"version-history":[{"count":1,"href":"https:\/\/rnoticias.com.mx\/Portal\/wp-json\/wp\/v2\/posts\/221076\/revisions"}],"predecessor-version":[{"id":221078,"href":"https:\/\/rnoticias.com.mx\/Portal\/wp-json\/wp\/v2\/posts\/221076\/revisions\/221078"}],"wp:featuredmedia":[{"embeddable":true,"href":"https:\/\/rnoticias.com.mx\/Portal\/wp-json\/wp\/v2\/media\/221077"}],"wp:attachment":[{"href":"https:\/\/rnoticias.com.mx\/Portal\/wp-json\/wp\/v2\/media?parent=221076"}],"wp:term":[{"taxonomy":"category","embeddable":true,"href":"https:\/\/rnoticias.com.mx\/Portal\/wp-json\/wp\/v2\/categories?post=221076"},{"taxonomy":"post_tag","embeddable":true,"href":"https:\/\/rnoticias.com.mx\/Portal\/wp-json\/wp\/v2\/tags?post=221076"}],"curies":[{"name":"wp","href":"https:\/\/api.w.org\/{rel}","templated":true}]}}