{"id":221043,"date":"2025-06-09T17:00:10","date_gmt":"2025-06-10T00:00:10","guid":{"rendered":"https:\/\/rnoticias.com.mx\/Portal\/?p=221043"},"modified":"2025-06-09T17:00:10","modified_gmt":"2025-06-10T00:00:10","slug":"william-levy-narra-su-arresto-en-florida","status":"publish","type":"post","link":"https:\/\/rnoticias.com.mx\/Portal\/2025\/06\/09\/william-levy-narra-su-arresto-en-florida\/","title":{"rendered":"William Levy narra su arresto en Florida"},"content":{"rendered":"<p>El actor cubano\u00a0<strong>William Levy,<\/strong>\u00a0de 44 a\u00f1os, brind\u00f3 pormenores sobre el incidente ocurrido en un restaurante de Florida el pasado mes de abril, en el que termin\u00f3 siendo arrestado por la polic\u00eda estadounidense.<\/p>\n<p>Durante su presencia en el programa espa\u00f1ol<strong>\u00a0El Hormiguero<\/strong>, el gal\u00e1n de telenovelas expuso su versi\u00f3n de los hechos, e incluso termin\u00f3 bromeando sobre el controversial asunto que lo llev\u00f3 a protagonizar titulares.<\/p>\n<p>\u201c<em><strong>No pas\u00f3 nada, como se ha especulado. No fue nada grave. Est\u00e1bamos tomando un trago un amigo m\u00edo, bueno, uno de los padres del equipo de beis y yo, y a la hora de pagar la cuenta, \u00e9l con todo su derecho, tiene derecho de checar la cuenta. \u00c9l pens\u00f3 que algo estaba de m\u00e1s\u201d,<\/strong><\/em>\u00a0inici\u00f3 su relato.<\/p>\n<div id=\"eldia-913611020\" class=\"eldia-contenido eldia-target\" data-eldia-trackid=\"1573641\" data-eldia-trackbid=\"1\"><\/div>\n<p>\u201c<em><strong>Y hab\u00eda una persona en la barra que empez\u00f3, entre ellos empezaron a discutir por esta situaci\u00f3n. Y el hombre se para, \u00e9l se para, y yo me meto y me digo: \u2018Oye, porque lo mejor es evitar que la situaci\u00f3n escale\u2019<\/strong><\/em><em><strong>\u201d<\/strong><\/em>, agreg\u00f3.<\/p>\n<p>Despu\u00e9s de asegurar que \u00e9l no ten\u00eda nada que ver en el asunto, William cont\u00f3 que fue lo que produjo su arresto.<\/p>\n<p>\u201c<em><strong>Entonces, en el medio de todo eso, pues lleg\u00f3 la polic\u00eda. Nos dejaron ir, no ha pasado nada, ya est\u00e1bamos a punto de irnos, pero la forma en decirnos que nos fu\u00e9ramos, fue muy fuera de lugar. Fue: \u2018Get out fuck of here\u2019. Y fue que dije: \u2018As\u00ed tampoco, \u00bfeh? Vamos a hablar, somos hombres, somos padres, no hace falta llegar a ese punto, \u00bfno?\u2019\u201d<\/strong><\/em>, detall\u00f3.<\/p>\n<div class=\"stream-item stream-item-in-post stream-item-inline-post aligncenter\">\n<div class=\"stream-item-size\"><\/div>\n<\/div>\n<p>\u201c<em><strong>Y de ese punto fue que me llev\u00f3 a que, porque quisieron, porque yo estaba fuera, yo no hice ning\u00fan, o sea, dijeron que yo estaba haciendo un traspaso, yo estaba fuera del restaurante en ese momento. Entonces, pues me llevaron, simplemente\u201d,<\/strong><\/em>\u00a0a\u00f1adi\u00f3.<\/p>\n<p>Levy tambi\u00e9n comparti\u00f3 que recientemente, en otra entrevista, le comentaron con humor que ahora forma parte de un\u00a0<em><strong>\u201cc\u00edrculo\u201d<\/strong><\/em>\u00a0de celebridades que han tenido situaciones de este tipo, destacando en que no hubo mayores consecuencias.<\/p>\n<p>\u201c<em><strong>Pero no pasa nada, hombre. Es una experiencia m\u00e1s en la vida.<\/strong><\/em><em><strong>De hecho, hace poquito, en la ma\u00f1ana, me hicieron una entrevista y me dicen que formo ahora parte de un club. S\u00ed, de varias personas del medio art\u00edstico que pasan a ser parte de programas policiales\u201d,<\/strong><\/em>\u00a0finaliz\u00f3.<\/p>\n<p>Por ahora, Levy contin\u00faa con sus proyectos profesionales y ha dejado claro que el episodio no afectar\u00e1 su carrera ni su imagen p\u00fablica, a pesar de que a\u00fan no se cierra el caso. Su reacci\u00f3n ante el tema demuestra que no tiene intenciones de convertirlo en una pol\u00e9mica prolongada.<\/p>\n<p>&nbsp;<\/p>\n<p>Agencia M\u00e9xico<\/p>\n","protected":false},"excerpt":{"rendered":"<p>El actor cubano\u00a0William Levy,\u00a0de 44 a\u00f1os, brind\u00f3 pormenores sobre el incidente ocurrido en un restaurante de Florida el pasado mes de abril, en el que termin\u00f3 siendo arrestado por la polic\u00eda estadounidense. Durante su presencia en el programa espa\u00f1ol\u00a0El Hormiguero, el gal\u00e1n de telenovelas expuso su versi\u00f3n de los hechos, e incluso termin\u00f3 bromeando sobre [&hellip;]<\/p>\n","protected":false},"author":2,"featured_media":221044,"comment_status":"closed","ping_status":"closed","sticky":false,"template":"","format":"standard","meta":{"footnotes":""},"categories":[12870,219],"tags":[12865,12875],"class_list":["post-221043","post","type-post","status-publish","format-standard","has-post-thumbnail","hentry","category-destacadas","category-espectaculos","tag-destacadas","tag-espectaculos"],"jetpack_featured_media_url":"https:\/\/rnoticias.com.mx\/Portal\/wp-content\/uploads\/2025\/06\/William-levy2.webp","amp_enabled":true,"_links":{"self":[{"href":"https:\/\/rnoticias.com.mx\/Portal\/wp-json\/wp\/v2\/posts\/221043","targetHints":{"allow":["GET"]}}],"collection":[{"href":"https:\/\/rnoticias.com.mx\/Portal\/wp-json\/wp\/v2\/posts"}],"about":[{"href":"https:\/\/rnoticias.com.mx\/Portal\/wp-json\/wp\/v2\/types\/post"}],"author":[{"embeddable":true,"href":"https:\/\/rnoticias.com.mx\/Portal\/wp-json\/wp\/v2\/users\/2"}],"replies":[{"embeddable":true,"href":"https:\/\/rnoticias.com.mx\/Portal\/wp-json\/wp\/v2\/comments?post=221043"}],"version-history":[{"count":1,"href":"https:\/\/rnoticias.com.mx\/Portal\/wp-json\/wp\/v2\/posts\/221043\/revisions"}],"predecessor-version":[{"id":221045,"href":"https:\/\/rnoticias.com.mx\/Portal\/wp-json\/wp\/v2\/posts\/221043\/revisions\/221045"}],"wp:featuredmedia":[{"embeddable":true,"href":"https:\/\/rnoticias.com.mx\/Portal\/wp-json\/wp\/v2\/media\/221044"}],"wp:attachment":[{"href":"https:\/\/rnoticias.com.mx\/Portal\/wp-json\/wp\/v2\/media?parent=221043"}],"wp:term":[{"taxonomy":"category","embeddable":true,"href":"https:\/\/rnoticias.com.mx\/Portal\/wp-json\/wp\/v2\/categories?post=221043"},{"taxonomy":"post_tag","embeddable":true,"href":"https:\/\/rnoticias.com.mx\/Portal\/wp-json\/wp\/v2\/tags?post=221043"}],"curies":[{"name":"wp","href":"https:\/\/api.w.org\/{rel}","templated":true}]}}