{"id":221010,"date":"2025-06-09T15:56:32","date_gmt":"2025-06-09T22:56:32","guid":{"rendered":"https:\/\/rnoticias.com.mx\/Portal\/?p=221010"},"modified":"2025-06-09T15:56:32","modified_gmt":"2025-06-09T22:56:32","slug":"asume-jesus-alonso-duron-montano-como-comisario-general-provisional-de-la-jefatura-de-policia-y-transito-municipal-de-hermosillo","status":"publish","type":"post","link":"https:\/\/rnoticias.com.mx\/Portal\/2025\/06\/09\/asume-jesus-alonso-duron-montano-como-comisario-general-provisional-de-la-jefatura-de-policia-y-transito-municipal-de-hermosillo\/","title":{"rendered":"Asume Jes\u00fas Alonso Dur\u00f3n Monta\u00f1o como comisario general provisional de la Jefatura de Polic\u00eda y Tr\u00e1nsito Municipal de Hermosillo"},"content":{"rendered":"<p>Hermosillo, Sonora, 9 de junio, 2025.- El presidente municipal, Antonio Astiazar\u00e1n Guti\u00e9rrez design\u00f3 como comisario general provisional de la Jefatura de Polic\u00eda Preventiva y Tr\u00e1nsito Municipal, a Jes\u00fas Alonso Dur\u00f3n Monta\u00f1o, ante la renuncia por motivos personales de Manuel Emilio Hoyos D\u00edaz.<\/p>\n<p>Destac\u00f3 y agradeci\u00f3 la labor que realiz\u00f3 Manuel Emilio Hoyos D\u00edaz al frente de la corporaci\u00f3n municipal, durante su encargo como Comisario General, de septiembre de 2021 a junio de 2025.<\/p>\n<p>Con 23 a\u00f1os de servicio dentro de la corporaci\u00f3n municipal, Dur\u00f3n Monta\u00f1o ha desempe\u00f1ado diversos cargos como: Comisario Jefe, comisario general interino, Director del Departamento de Tr\u00e1nsito, Supervisor General, Responsable del Grupo Motorizado de Tr\u00e1nsito, entre otros.<\/p>\n<p>La designaci\u00f3n de Dur\u00f3n Monta\u00f1o surte efecto a partir del 9 de junio de 2025 y se mantendr\u00e1 vigente hasta en tanto el Ayuntamiento de Hermosillo emita el nombramiento definitivo.<\/p>\n<p>Durante la pr\u00f3xima sesi\u00f3n del Cabildo se someter\u00e1 a aprobaci\u00f3n la designaci\u00f3n del nuevo Comisario General, conforme al procedimiento establecido en la Ley de Gobierno y Administraci\u00f3n Municipal para el Estado de Sonora, as\u00ed como en la Ley de Seguridad P\u00fablica para el Estado de Sonora.<\/p>\n<p>Astiazaran Guti\u00e9rrez refrend\u00f3 su compromiso de continuar con el fortalecimiento de la corporaci\u00f3n municipal para brindar tranquilidad a la ciudadan\u00eda y seguir blindando a Hermosillo.<\/p>\n","protected":false},"excerpt":{"rendered":"<p>Hermosillo, Sonora, 9 de junio, 2025.- El presidente municipal, Antonio Astiazar\u00e1n Guti\u00e9rrez design\u00f3 como comisario general provisional de la Jefatura de Polic\u00eda Preventiva y Tr\u00e1nsito Municipal, a Jes\u00fas Alonso Dur\u00f3n Monta\u00f1o, ante la renuncia por motivos personales de Manuel Emilio Hoyos D\u00edaz. Destac\u00f3 y agradeci\u00f3 la labor que realiz\u00f3 Manuel Emilio Hoyos D\u00edaz al frente [&hellip;]<\/p>\n","protected":false},"author":2,"featured_media":221011,"comment_status":"closed","ping_status":"closed","sticky":false,"template":"","format":"standard","meta":{"footnotes":""},"categories":[12870,178],"tags":[12865,12869],"class_list":["post-221010","post","type-post","status-publish","format-standard","has-post-thumbnail","hentry","category-destacadas","category-local","tag-destacadas","tag-local"],"jetpack_featured_media_url":"https:\/\/rnoticias.com.mx\/Portal\/wp-content\/uploads\/2025\/06\/8066111b-b351-48d1-afc9-adb1b5fa30f5.jpg","amp_enabled":true,"_links":{"self":[{"href":"https:\/\/rnoticias.com.mx\/Portal\/wp-json\/wp\/v2\/posts\/221010","targetHints":{"allow":["GET"]}}],"collection":[{"href":"https:\/\/rnoticias.com.mx\/Portal\/wp-json\/wp\/v2\/posts"}],"about":[{"href":"https:\/\/rnoticias.com.mx\/Portal\/wp-json\/wp\/v2\/types\/post"}],"author":[{"embeddable":true,"href":"https:\/\/rnoticias.com.mx\/Portal\/wp-json\/wp\/v2\/users\/2"}],"replies":[{"embeddable":true,"href":"https:\/\/rnoticias.com.mx\/Portal\/wp-json\/wp\/v2\/comments?post=221010"}],"version-history":[{"count":1,"href":"https:\/\/rnoticias.com.mx\/Portal\/wp-json\/wp\/v2\/posts\/221010\/revisions"}],"predecessor-version":[{"id":221012,"href":"https:\/\/rnoticias.com.mx\/Portal\/wp-json\/wp\/v2\/posts\/221010\/revisions\/221012"}],"wp:featuredmedia":[{"embeddable":true,"href":"https:\/\/rnoticias.com.mx\/Portal\/wp-json\/wp\/v2\/media\/221011"}],"wp:attachment":[{"href":"https:\/\/rnoticias.com.mx\/Portal\/wp-json\/wp\/v2\/media?parent=221010"}],"wp:term":[{"taxonomy":"category","embeddable":true,"href":"https:\/\/rnoticias.com.mx\/Portal\/wp-json\/wp\/v2\/categories?post=221010"},{"taxonomy":"post_tag","embeddable":true,"href":"https:\/\/rnoticias.com.mx\/Portal\/wp-json\/wp\/v2\/tags?post=221010"}],"curies":[{"name":"wp","href":"https:\/\/api.w.org\/{rel}","templated":true}]}}