{"id":221007,"date":"2025-06-09T15:09:53","date_gmt":"2025-06-09T22:09:53","guid":{"rendered":"https:\/\/rnoticias.com.mx\/Portal\/?p=221007"},"modified":"2025-06-09T15:09:53","modified_gmt":"2025-06-09T22:09:53","slug":"gobierno-de-sonora-descarta-afectaciones-en-el-estado-por-huracan-barbara","status":"publish","type":"post","link":"https:\/\/rnoticias.com.mx\/Portal\/2025\/06\/09\/gobierno-de-sonora-descarta-afectaciones-en-el-estado-por-huracan-barbara\/","title":{"rendered":"Gobierno de Sonora descarta afectaciones en el estado por hurac\u00e1n B\u00e1rbara"},"content":{"rendered":"<p align=\"left\">\n<p align=\"left\">Hermosillo, Sonora; 9 de junio de 2025.-\u00a0El Gobierno de Sonora, a trav\u00e9s de la Coordinaci\u00f3n Estatal de Protecci\u00f3n Civil (CEPC), inform\u00f3 que este d\u00eda se form\u00f3 el primer hurac\u00e1n de la temporada en el Oc\u00e9ano Pac\u00edfico, el cual no se prev\u00e9 que tenga efectos sobre el territorio sonorense.<\/p>\n<p align=\"left\">\n<p align=\"left\">Durante el transcurso de la ma\u00f1ana, la tormenta tropical B\u00e1rbara se intensific\u00f3 a hurac\u00e1n categor\u00eda 1 en la escala Saffir-Simpson, frente a las costas de Colima y Jalisco, convirti\u00e9ndose en el primer hurac\u00e1n del Pac\u00edfico nororiental en la temporada 2025.<\/p>\n<p align=\"left\">\n<p align=\"left\">A las 9:00 horas, el sistema se localizaba a 240 km al sur-suroeste de Playa P\u00e9rula, Jalisco. El centro del hurac\u00e1n mantiene un desplazamiento hacia el noroeste a 17 km\/h y presenta vientos sostenidos de 120 km\/h, con rachas de hasta 150 km\/h.<\/p>\n<p align=\"left\">\n<p align=\"left\">Se prev\u00e9 que este sistema contin\u00fae su desplazamiento hacia aguas centrales del Pac\u00edfico, degrad\u00e1ndose a tormenta tropical durante la ma\u00f1ana del martes y posteriormente a una baja presi\u00f3n por la tarde del mismo d\u00eda.<\/p>\n<p align=\"left\">\n<p align=\"left\">Debido a la trayectoria de este fen\u00f3meno, y con base en el monitoreo de esta coordinaci\u00f3n, se espera que no genere efectos en el estado de Sonora, ni de manera directa ni indirecta.<\/p>\n<p align=\"left\">\n","protected":false},"excerpt":{"rendered":"<p>Hermosillo, Sonora; 9 de junio de 2025.-\u00a0El Gobierno de Sonora, a trav\u00e9s de la Coordinaci\u00f3n Estatal de Protecci\u00f3n Civil (CEPC), inform\u00f3 que este d\u00eda se form\u00f3 el primer hurac\u00e1n de la temporada en el Oc\u00e9ano Pac\u00edfico, el cual no se prev\u00e9 que tenga efectos sobre el territorio sonorense. Durante el transcurso de la ma\u00f1ana, la [&hellip;]<\/p>\n","protected":false},"author":2,"featured_media":221008,"comment_status":"closed","ping_status":"closed","sticky":false,"template":"","format":"standard","meta":{"footnotes":""},"categories":[12870,178],"tags":[12865,12869],"class_list":["post-221007","post","type-post","status-publish","format-standard","has-post-thumbnail","hentry","category-destacadas","category-local","tag-destacadas","tag-local"],"jetpack_featured_media_url":"https:\/\/rnoticias.com.mx\/Portal\/wp-content\/uploads\/2025\/06\/unnamed-1-19.jpg","amp_enabled":true,"_links":{"self":[{"href":"https:\/\/rnoticias.com.mx\/Portal\/wp-json\/wp\/v2\/posts\/221007","targetHints":{"allow":["GET"]}}],"collection":[{"href":"https:\/\/rnoticias.com.mx\/Portal\/wp-json\/wp\/v2\/posts"}],"about":[{"href":"https:\/\/rnoticias.com.mx\/Portal\/wp-json\/wp\/v2\/types\/post"}],"author":[{"embeddable":true,"href":"https:\/\/rnoticias.com.mx\/Portal\/wp-json\/wp\/v2\/users\/2"}],"replies":[{"embeddable":true,"href":"https:\/\/rnoticias.com.mx\/Portal\/wp-json\/wp\/v2\/comments?post=221007"}],"version-history":[{"count":1,"href":"https:\/\/rnoticias.com.mx\/Portal\/wp-json\/wp\/v2\/posts\/221007\/revisions"}],"predecessor-version":[{"id":221009,"href":"https:\/\/rnoticias.com.mx\/Portal\/wp-json\/wp\/v2\/posts\/221007\/revisions\/221009"}],"wp:featuredmedia":[{"embeddable":true,"href":"https:\/\/rnoticias.com.mx\/Portal\/wp-json\/wp\/v2\/media\/221008"}],"wp:attachment":[{"href":"https:\/\/rnoticias.com.mx\/Portal\/wp-json\/wp\/v2\/media?parent=221007"}],"wp:term":[{"taxonomy":"category","embeddable":true,"href":"https:\/\/rnoticias.com.mx\/Portal\/wp-json\/wp\/v2\/categories?post=221007"},{"taxonomy":"post_tag","embeddable":true,"href":"https:\/\/rnoticias.com.mx\/Portal\/wp-json\/wp\/v2\/tags?post=221007"}],"curies":[{"name":"wp","href":"https:\/\/api.w.org\/{rel}","templated":true}]}}