{"id":221004,"date":"2025-06-09T15:09:18","date_gmt":"2025-06-09T22:09:18","guid":{"rendered":"https:\/\/rnoticias.com.mx\/Portal\/?p=221004"},"modified":"2025-06-09T15:09:18","modified_gmt":"2025-06-09T22:09:18","slug":"gobierno-de-sonora-capacita-en-atencion-a-mujeres-victimas-de-violencia-de-genero","status":"publish","type":"post","link":"https:\/\/rnoticias.com.mx\/Portal\/2025\/06\/09\/gobierno-de-sonora-capacita-en-atencion-a-mujeres-victimas-de-violencia-de-genero\/","title":{"rendered":"Gobierno de Sonora capacita en atenci\u00f3n a mujeres v\u00edctimas de violencia de g\u00e9nero"},"content":{"rendered":"<p>Hermosillo, Sonora; 9 de junio de 2025.- Con el objetivo de brindar herramientas a titulares e integrantes de las instancias municipales de las mujeres, en municipios con Declaratoria de Alerta de Violencia de G\u00e9nero contra las Mujeres (AVGM), el Gobierno de Alfonso Durazo, a trav\u00e9s de la Secretar\u00eda de las Mujeres, realiz\u00f3 la capacitaci\u00f3n \u201cFormaci\u00f3n a primeros respondientes: atenci\u00f3n a v\u00edctimas con perspectiva de g\u00e9nero\u201d.<\/p>\n<p>Con la informaci\u00f3n proporcionada, el personal de las instancias podr\u00e1 replicar en sus comunidades las Jornadas de Formaci\u00f3n con Perspectiva de G\u00e9nero a Primeros Respondientes, dirigidas a elementos de la polic\u00eda municipal y agentes ministeriales, las cuales han sido impartidas por la Secretar\u00eda de las Mujeres.<\/p>\n<p>A la capacitaci\u00f3n asistieron titulares, abogadas y psic\u00f3logas de las instancias, organismos y direcciones de la mujer de los municipios de Guaymas, Empalme, San Luis R\u00edo Colorado, Nogales, Cajeme y Hermosillo.<\/p>\n<p>A partir de esta jornada, ellas podr\u00e1n ser replicadoras de la informaci\u00f3n y, a su vez, brindar herramientas a elementos policiacos para atender a v\u00edctimas de violencia con perspectiva de g\u00e9nero, lo que les permitir\u00e1 detectar, identificar, intervenir, proteger y prevenir casos de violencia contra las mujeres en sus municipios.<\/p>\n<p>Estas estrategias forman parte de las acciones que realiza el Gobierno de Sonora para dar cumplimiento y seguimiento a las medidas establecidas en el resolutivo de la Declaratoria de Alerta de Violencia de G\u00e9nero contra las Mujeres.<\/p>\n","protected":false},"excerpt":{"rendered":"<p>Hermosillo, Sonora; 9 de junio de 2025.- Con el objetivo de brindar herramientas a titulares e integrantes de las instancias municipales de las mujeres, en municipios con Declaratoria de Alerta de Violencia de G\u00e9nero contra las Mujeres (AVGM), el Gobierno de Alfonso Durazo, a trav\u00e9s de la Secretar\u00eda de las Mujeres, realiz\u00f3 la capacitaci\u00f3n \u201cFormaci\u00f3n [&hellip;]<\/p>\n","protected":false},"author":2,"featured_media":221005,"comment_status":"closed","ping_status":"closed","sticky":false,"template":"","format":"standard","meta":{"footnotes":""},"categories":[12870,178],"tags":[12865,12869],"class_list":["post-221004","post","type-post","status-publish","format-standard","has-post-thumbnail","hentry","category-destacadas","category-local","tag-destacadas","tag-local"],"jetpack_featured_media_url":"https:\/\/rnoticias.com.mx\/Portal\/wp-content\/uploads\/2025\/06\/unnamed-31.jpg","amp_enabled":true,"_links":{"self":[{"href":"https:\/\/rnoticias.com.mx\/Portal\/wp-json\/wp\/v2\/posts\/221004","targetHints":{"allow":["GET"]}}],"collection":[{"href":"https:\/\/rnoticias.com.mx\/Portal\/wp-json\/wp\/v2\/posts"}],"about":[{"href":"https:\/\/rnoticias.com.mx\/Portal\/wp-json\/wp\/v2\/types\/post"}],"author":[{"embeddable":true,"href":"https:\/\/rnoticias.com.mx\/Portal\/wp-json\/wp\/v2\/users\/2"}],"replies":[{"embeddable":true,"href":"https:\/\/rnoticias.com.mx\/Portal\/wp-json\/wp\/v2\/comments?post=221004"}],"version-history":[{"count":1,"href":"https:\/\/rnoticias.com.mx\/Portal\/wp-json\/wp\/v2\/posts\/221004\/revisions"}],"predecessor-version":[{"id":221006,"href":"https:\/\/rnoticias.com.mx\/Portal\/wp-json\/wp\/v2\/posts\/221004\/revisions\/221006"}],"wp:featuredmedia":[{"embeddable":true,"href":"https:\/\/rnoticias.com.mx\/Portal\/wp-json\/wp\/v2\/media\/221005"}],"wp:attachment":[{"href":"https:\/\/rnoticias.com.mx\/Portal\/wp-json\/wp\/v2\/media?parent=221004"}],"wp:term":[{"taxonomy":"category","embeddable":true,"href":"https:\/\/rnoticias.com.mx\/Portal\/wp-json\/wp\/v2\/categories?post=221004"},{"taxonomy":"post_tag","embeddable":true,"href":"https:\/\/rnoticias.com.mx\/Portal\/wp-json\/wp\/v2\/tags?post=221004"}],"curies":[{"name":"wp","href":"https:\/\/api.w.org\/{rel}","templated":true}]}}