{"id":220969,"date":"2025-06-09T09:23:43","date_gmt":"2025-06-09T16:23:43","guid":{"rendered":"https:\/\/rnoticias.com.mx\/Portal\/?p=220969"},"modified":"2025-06-09T09:23:43","modified_gmt":"2025-06-09T16:23:43","slug":"neymar-es-apartado-del-santos-de-brasil-tras-dar-positivo-a-covid-19","status":"publish","type":"post","link":"https:\/\/rnoticias.com.mx\/Portal\/2025\/06\/09\/neymar-es-apartado-del-santos-de-brasil-tras-dar-positivo-a-covid-19\/","title":{"rendered":"Neymar es apartado del Santos de Brasil tras dar positivo a Covid-19"},"content":{"rendered":"<p>El delantero\u00a0<strong>Neymar Jr. ha sido apartado del Santos de Brasil\u00a0<\/strong>tras dar positivo por Covid-19, inform\u00f3 el \u2018Peixe\u2019\u00a0en un comunicado citado por los medios brasile\u00f1os.<\/p>\n<p>El\u00a0<strong>jugador, de 33 a\u00f1os<\/strong>, empez\u00f3 a mostrar\u00a0<strong>s\u00edntomas el jueves y fue separado<\/strong>\u00a0inmediatamente de las actividades del equipo.<\/p>\n<p>Las pruebas m\u00e9dicas confirmaron posteriormente la\u00a0<strong>infecci\u00f3n v\u00edrica<\/strong>, inform\u00f3 tarde el s\u00e1bado el equipo de la Serie A brasile\u00f1a.<\/p>\n<p>El\u00a0<strong>club no revel\u00f3 cu\u00e1nto tiempo Neymar estar\u00e1 fuera de acci\u00f3n\u00a0<\/strong>y no respondi\u00f3 inmediatamente.<\/p>\n<p><strong>Neymar ya est\u00e1 descartado<\/strong>\u00a0para el partido de liga del pr\u00f3ximo jueves en Fortaleza por suspensi\u00f3n, luego de\u00a0<strong>meter un gol con la mano.<\/strong><\/p>\n<p>El partido ante Fortaleza ser\u00e1 la \u00faltima salida del Santos antes de que la liga brasile\u00f1a se detenga debido al\u00a0<strong>Mundial de Clubes<\/strong>, que se disputar\u00e1 del 14 de junio al 13 de julio en Estados Unidos.<\/p>\n<p>El\u00a0<strong>futuro del ex delantero del Barcelona\u00a0<\/strong>en el Santos sigue sin decidirse, ya que su contrato expira el 30 de junio.<\/p>\n<p>Limitado por las\u00a0<strong>lesiones<\/strong>, esta temporada\u00a0<strong>ha disputado 12 partidos con el Santos en todas las competiciones<\/strong>, en los que ha contribuido con\u00a0<strong>tres goles y tres asistencias.<\/strong><\/p>\n<p>&nbsp;<\/p>\n","protected":false},"excerpt":{"rendered":"<p>El delantero\u00a0Neymar Jr. ha sido apartado del Santos de Brasil\u00a0tras dar positivo por Covid-19, inform\u00f3 el \u2018Peixe\u2019\u00a0en un comunicado citado por los medios brasile\u00f1os. El\u00a0jugador, de 33 a\u00f1os, empez\u00f3 a mostrar\u00a0s\u00edntomas el jueves y fue separado\u00a0inmediatamente de las actividades del equipo. Las pruebas m\u00e9dicas confirmaron posteriormente la\u00a0infecci\u00f3n v\u00edrica, inform\u00f3 tarde el s\u00e1bado el equipo de [&hellip;]<\/p>\n","protected":false},"author":2,"featured_media":220970,"comment_status":"closed","ping_status":"closed","sticky":false,"template":"","format":"standard","meta":{"footnotes":""},"categories":[188,12870],"tags":[5231,12865],"class_list":["post-220969","post","type-post","status-publish","format-standard","has-post-thumbnail","hentry","category-deportes","category-destacadas","tag-deportes","tag-destacadas"],"jetpack_featured_media_url":"https:\/\/rnoticias.com.mx\/Portal\/wp-content\/uploads\/2025\/06\/neymar-jr-santos_1440x810.webp","amp_enabled":true,"_links":{"self":[{"href":"https:\/\/rnoticias.com.mx\/Portal\/wp-json\/wp\/v2\/posts\/220969","targetHints":{"allow":["GET"]}}],"collection":[{"href":"https:\/\/rnoticias.com.mx\/Portal\/wp-json\/wp\/v2\/posts"}],"about":[{"href":"https:\/\/rnoticias.com.mx\/Portal\/wp-json\/wp\/v2\/types\/post"}],"author":[{"embeddable":true,"href":"https:\/\/rnoticias.com.mx\/Portal\/wp-json\/wp\/v2\/users\/2"}],"replies":[{"embeddable":true,"href":"https:\/\/rnoticias.com.mx\/Portal\/wp-json\/wp\/v2\/comments?post=220969"}],"version-history":[{"count":1,"href":"https:\/\/rnoticias.com.mx\/Portal\/wp-json\/wp\/v2\/posts\/220969\/revisions"}],"predecessor-version":[{"id":220971,"href":"https:\/\/rnoticias.com.mx\/Portal\/wp-json\/wp\/v2\/posts\/220969\/revisions\/220971"}],"wp:featuredmedia":[{"embeddable":true,"href":"https:\/\/rnoticias.com.mx\/Portal\/wp-json\/wp\/v2\/media\/220970"}],"wp:attachment":[{"href":"https:\/\/rnoticias.com.mx\/Portal\/wp-json\/wp\/v2\/media?parent=220969"}],"wp:term":[{"taxonomy":"category","embeddable":true,"href":"https:\/\/rnoticias.com.mx\/Portal\/wp-json\/wp\/v2\/categories?post=220969"},{"taxonomy":"post_tag","embeddable":true,"href":"https:\/\/rnoticias.com.mx\/Portal\/wp-json\/wp\/v2\/tags?post=220969"}],"curies":[{"name":"wp","href":"https:\/\/api.w.org\/{rel}","templated":true}]}}