{"id":220960,"date":"2025-06-09T09:19:35","date_gmt":"2025-06-09T16:19:35","guid":{"rendered":"https:\/\/rnoticias.com.mx\/Portal\/?p=220960"},"modified":"2025-06-09T09:19:35","modified_gmt":"2025-06-09T16:19:35","slug":"hay-avances-sobre-el-asesinato-de-colaboradores-de-brugada-claudia-sheinbaum","status":"publish","type":"post","link":"https:\/\/rnoticias.com.mx\/Portal\/2025\/06\/09\/hay-avances-sobre-el-asesinato-de-colaboradores-de-brugada-claudia-sheinbaum\/","title":{"rendered":"Hay avances sobre el asesinato de colaboradores de Brugada: Claudia Sheinbaum"},"content":{"rendered":"<p>La presidenta Claudia Sheinbaum afirm\u00f3 que hay avance en la investigaci\u00f3n del asesinato de Ximena Guzm\u00e1n y Jorge Mu\u00f1oz, colaboradores cercanos de la jefa de Gobierno de la Ciudad de M\u00e9xico, Clara Brugada.<\/p>\n<p>No obstante, no dio detalles para no interferir con las pesquisas que realiza la Fiscal\u00eda de Justicia de la Ciudad de M\u00e9xico, en colaboraci\u00f3n con la Fiscal\u00eda General de la Rep\u00fablica (FGR).<\/p>\n<p><strong><em>\u201cHay avances, s\u00f3lo que no es posible dar la informaci\u00f3n porque, pues, hay que guardar toda la, pues, en este caso, toda la secrec\u00eda que se requiere para la investigaci\u00f3n. Se est\u00e1 trabajando con total coordinaci\u00f3n con la Fiscal\u00eda General de Justicia de la Ciudad de M\u00e9xico, quien tiene el caso, y se le est\u00e1 apoyando por parte del gabinete de seguridad en todo lo que requiera la fiscal\u00eda, pero, pues, hasta que no est\u00e9n los resultados, pues, dif\u00edcilmente se puede abrir mucho la investigaci\u00f3n\u201d,<\/em><\/strong>\u00a0dijo.<\/p>\n<p>La mandataria a\u00f1adi\u00f3 que ma\u00f1ana, en conferencia de prensa, el Gabinete de Seguridad tal vez d\u00e9 algunos detalles de la investigaci\u00f3n, si es posible.<\/p>\n<p><strong><em>\u201cMa\u00f1ana viene el gabinete de seguridad y, tal vez, en el marco de lo que se pueda informar, pues pueden dar algunos avances\u201d,<\/em><\/strong>\u00a0expres\u00f3.<\/p>\n<p>&nbsp;<\/p>\n<p>El Universal<\/p>\n","protected":false},"excerpt":{"rendered":"<p>La presidenta Claudia Sheinbaum afirm\u00f3 que hay avance en la investigaci\u00f3n del asesinato de Ximena Guzm\u00e1n y Jorge Mu\u00f1oz, colaboradores cercanos de la jefa de Gobierno de la Ciudad de M\u00e9xico, Clara Brugada. No obstante, no dio detalles para no interferir con las pesquisas que realiza la Fiscal\u00eda de Justicia de la Ciudad de M\u00e9xico, [&hellip;]<\/p>\n","protected":false},"author":2,"featured_media":220961,"comment_status":"closed","ping_status":"closed","sticky":false,"template":"","format":"standard","meta":{"footnotes":""},"categories":[12870,172],"tags":[12865,12874],"class_list":["post-220960","post","type-post","status-publish","format-standard","has-post-thumbnail","hentry","category-destacadas","category-nacional","tag-destacadas","tag-nacional"],"jetpack_featured_media_url":"https:\/\/rnoticias.com.mx\/Portal\/wp-content\/uploads\/2025\/06\/sheinbaum_pide_no_especular_sobre_asesinato_de_colaboradores_de_brugada.webp","amp_enabled":true,"_links":{"self":[{"href":"https:\/\/rnoticias.com.mx\/Portal\/wp-json\/wp\/v2\/posts\/220960","targetHints":{"allow":["GET"]}}],"collection":[{"href":"https:\/\/rnoticias.com.mx\/Portal\/wp-json\/wp\/v2\/posts"}],"about":[{"href":"https:\/\/rnoticias.com.mx\/Portal\/wp-json\/wp\/v2\/types\/post"}],"author":[{"embeddable":true,"href":"https:\/\/rnoticias.com.mx\/Portal\/wp-json\/wp\/v2\/users\/2"}],"replies":[{"embeddable":true,"href":"https:\/\/rnoticias.com.mx\/Portal\/wp-json\/wp\/v2\/comments?post=220960"}],"version-history":[{"count":1,"href":"https:\/\/rnoticias.com.mx\/Portal\/wp-json\/wp\/v2\/posts\/220960\/revisions"}],"predecessor-version":[{"id":220962,"href":"https:\/\/rnoticias.com.mx\/Portal\/wp-json\/wp\/v2\/posts\/220960\/revisions\/220962"}],"wp:featuredmedia":[{"embeddable":true,"href":"https:\/\/rnoticias.com.mx\/Portal\/wp-json\/wp\/v2\/media\/220961"}],"wp:attachment":[{"href":"https:\/\/rnoticias.com.mx\/Portal\/wp-json\/wp\/v2\/media?parent=220960"}],"wp:term":[{"taxonomy":"category","embeddable":true,"href":"https:\/\/rnoticias.com.mx\/Portal\/wp-json\/wp\/v2\/categories?post=220960"},{"taxonomy":"post_tag","embeddable":true,"href":"https:\/\/rnoticias.com.mx\/Portal\/wp-json\/wp\/v2\/tags?post=220960"}],"curies":[{"name":"wp","href":"https:\/\/api.w.org\/{rel}","templated":true}]}}