{"id":220957,"date":"2025-06-09T09:11:35","date_gmt":"2025-06-09T16:11:35","guid":{"rendered":"https:\/\/rnoticias.com.mx\/Portal\/?p=220957"},"modified":"2025-06-09T09:11:35","modified_gmt":"2025-06-09T16:11:35","slug":"el-beisbolista-wander-franco-es-acusado-por-posesion-ilegal-de-armas-y-abuso-sexual","status":"publish","type":"post","link":"https:\/\/rnoticias.com.mx\/Portal\/2025\/06\/09\/el-beisbolista-wander-franco-es-acusado-por-posesion-ilegal-de-armas-y-abuso-sexual\/","title":{"rendered":"El beisbolista Wander Franco es acusado por posesi\u00f3n ilegal de armas y abuso sexual"},"content":{"rendered":"<p><strong>Wander Franco<\/strong>, beisbolista\u00a0de los\u00a0<strong>Rays de Tampa Bay<\/strong>, quien\u00a0<strong>actualmente est\u00e1 siendo juzgado por cargos que incluyen abuso sexual de una menor<\/strong>, fue\u00a0<strong>acusado<\/strong>\u00a0el domingo de\u00a0<strong>posesi\u00f3n ilegal de un arma de fuego<\/strong>, seg\u00fan manifestaron los fiscales.<\/p>\n<p><strong>Franco fue arrestado el 10 de noviembre en San Juan de la Maguana<\/strong>\u00a0(Rep\u00fablica Dominicana) tras un altercado en un estacionamiento.\u00a0<strong>Nadie result\u00f3 herido durante la pelea<\/strong>, y la pistola, una Glock 19 semiautom\u00e1tica, fue encontrada en el veh\u00edculo del toletero dominicano, de acuerdo con un comunicado de la Oficina del Fiscal P\u00fablico de su pa\u00eds.<\/p>\n<p>El arma de fuego estaba registrada a nombre del t\u00edo de Franco, seg\u00fan dijeron los fiscales en el comunicado. Tras el arresto, Antonio Garc\u00eda Lorenzo, uno de los abogados de\u00a0<strong>Franco, expres\u00f3 que debido a que el arma estaba registrada, \u00abno hay nada ilegal en ello\u00bb.<br \/>\n<\/strong><\/p>\n<p>Los fiscales solicitaron que F<strong>ranco sea juzgado por el cargo relacionado con el arma.<\/strong><\/p>\n<p>El juicio de Franco, de 24 a\u00f1os, en el caso de abuso sexual \u2014que involucra a una\u00a0<strong>ni\u00f1a que ten\u00eda 14 a\u00f1os\u00a0<\/strong>en el momento de los presuntos delitos\u2014 est\u00e1 en curso. Los cargos en ese caso incluyen\u00a0<strong>abuso sexual de una menor, explotaci\u00f3n sexual y comercial contra una menor, y trata de personas.<\/strong><\/p>\n<p>Seg\u00fan los fiscales,\u00a0<strong>Franco secuestr\u00f3 a la ni\u00f1a con fines sexuales<\/strong>\u00a0y\u00a0<strong>\u00abenvi\u00f3 grandes sumas de dinero a su madre\u00bb.<\/strong><\/p>\n<p><strong>Franco<\/strong>, quien est\u00e1 en\u00a0<strong>libertad supervisada<\/strong>, enfrentar\u00e1 hasta\u00a0<strong>30 a\u00f1os de prisi\u00f3n si es declarado culpable.<\/strong><\/p>\n<p>Franco estaba jugando su tercera temporada en las Grandes Ligas de Beisbol\u00a0<strong>(MLB)\u00a0<\/strong>cuando<strong>\u00a0su carrera se detuvo en agosto de 2023 debido a las acusaciones<\/strong>.<\/p>\n<p>Acord\u00f3 un contrato de 11 a\u00f1os y\u00a0<strong>182 millones de d\u00f3lares en noviembre de 2021<\/strong>. Actualmente est\u00e1 en la lista restringida de las Mayores.<\/p>\n","protected":false},"excerpt":{"rendered":"<p>Wander Franco, beisbolista\u00a0de los\u00a0Rays de Tampa Bay, quien\u00a0actualmente est\u00e1 siendo juzgado por cargos que incluyen abuso sexual de una menor, fue\u00a0acusado\u00a0el domingo de\u00a0posesi\u00f3n ilegal de un arma de fuego, seg\u00fan manifestaron los fiscales. Franco fue arrestado el 10 de noviembre en San Juan de la Maguana\u00a0(Rep\u00fablica Dominicana) tras un altercado en un estacionamiento.\u00a0Nadie result\u00f3 herido [&hellip;]<\/p>\n","protected":false},"author":2,"featured_media":220958,"comment_status":"closed","ping_status":"closed","sticky":false,"template":"","format":"standard","meta":{"footnotes":""},"categories":[188,12870],"tags":[5231,12865],"class_list":["post-220957","post","type-post","status-publish","format-standard","has-post-thumbnail","hentry","category-deportes","category-destacadas","tag-deportes","tag-destacadas"],"jetpack_featured_media_url":"https:\/\/rnoticias.com.mx\/Portal\/wp-content\/uploads\/2025\/06\/2023-08-06t194407z-177344112-mt1usatoday21155276-rtrmadp-3-mlb-tampa-bay-rays-at-detroit-tigers-scaled.jpg","amp_enabled":true,"_links":{"self":[{"href":"https:\/\/rnoticias.com.mx\/Portal\/wp-json\/wp\/v2\/posts\/220957","targetHints":{"allow":["GET"]}}],"collection":[{"href":"https:\/\/rnoticias.com.mx\/Portal\/wp-json\/wp\/v2\/posts"}],"about":[{"href":"https:\/\/rnoticias.com.mx\/Portal\/wp-json\/wp\/v2\/types\/post"}],"author":[{"embeddable":true,"href":"https:\/\/rnoticias.com.mx\/Portal\/wp-json\/wp\/v2\/users\/2"}],"replies":[{"embeddable":true,"href":"https:\/\/rnoticias.com.mx\/Portal\/wp-json\/wp\/v2\/comments?post=220957"}],"version-history":[{"count":1,"href":"https:\/\/rnoticias.com.mx\/Portal\/wp-json\/wp\/v2\/posts\/220957\/revisions"}],"predecessor-version":[{"id":220959,"href":"https:\/\/rnoticias.com.mx\/Portal\/wp-json\/wp\/v2\/posts\/220957\/revisions\/220959"}],"wp:featuredmedia":[{"embeddable":true,"href":"https:\/\/rnoticias.com.mx\/Portal\/wp-json\/wp\/v2\/media\/220958"}],"wp:attachment":[{"href":"https:\/\/rnoticias.com.mx\/Portal\/wp-json\/wp\/v2\/media?parent=220957"}],"wp:term":[{"taxonomy":"category","embeddable":true,"href":"https:\/\/rnoticias.com.mx\/Portal\/wp-json\/wp\/v2\/categories?post=220957"},{"taxonomy":"post_tag","embeddable":true,"href":"https:\/\/rnoticias.com.mx\/Portal\/wp-json\/wp\/v2\/tags?post=220957"}],"curies":[{"name":"wp","href":"https:\/\/api.w.org\/{rel}","templated":true}]}}