{"id":220951,"date":"2025-06-09T08:24:08","date_gmt":"2025-06-09T15:24:08","guid":{"rendered":"https:\/\/rnoticias.com.mx\/Portal\/?p=220951"},"modified":"2025-06-09T08:24:08","modified_gmt":"2025-06-09T15:24:08","slug":"trabajan-policia-municipal-y-fiscalia-en-atencion-a-la-violencia-a-grupos-vulnerables","status":"publish","type":"post","link":"https:\/\/rnoticias.com.mx\/Portal\/2025\/06\/09\/trabajan-policia-municipal-y-fiscalia-en-atencion-a-la-violencia-a-grupos-vulnerables\/","title":{"rendered":"Trabajan Polic\u00eda Municipal y Fiscal\u00eda en atenci\u00f3n a la violencia a grupos vulnerables"},"content":{"rendered":"<div dir=\"auto\"><b>Hermosillo, Sonora a 09 de junio del 2025.- <\/b>Para fortalecer la prevenci\u00f3n y atenci\u00f3n de la violencia contra mujeres, ni\u00f1as y adolescentes, la Polic\u00eda Preventiva y Tr\u00e1nsito Municipal de Hermosillo, llev\u00f3 a cabo la segunda capacitaci\u00f3n dirigida al personal de la Fiscal\u00eda General de Justicia del Estado (FGJE).<\/div>\n<div dir=\"auto\"><\/div>\n<div dir=\"auto\">La directora de la Unidad de G\u00e9nero de la Polic\u00eda Municipal, Ang\u00e9lica Mar\u00eda Pay\u00e1n Garc\u00eda indic\u00f3 que la jornada formativa estuvo a cargo de Jur\u00eddicas Feministas, A.C., y se abordaron conceptos para la correcta atenci\u00f3n a personas en situaci\u00f3n de vulnerabilidad.<\/div>\n<div dir=\"auto\"><\/div>\n<div dir=\"auto\">As\u00ed como herramientas para detectar desigualdades y reconocer las diversas manifestaciones de la violencia desde un enfoque estructural, cultural y directo, explic\u00f3.<\/div>\n<div dir=\"auto\"><\/div>\n<div dir=\"auto\"><\/div>\n<div dir=\"auto\">\u201cEn esta segunda colaboraci\u00f3n con Fiscal\u00eda, analizamos c\u00f3mo identificar a personas en situaci\u00f3n vulnerable, c\u00f3mo se manifiesta la desigualdad y de qu\u00e9 manera puede ejercerse la violencia en diferentes niveles. Todo esto con el objetivo de que se considere en la aplicaci\u00f3n de la justicia\u201d, expres\u00f3.<\/div>\n<div dir=\"auto\"><\/div>\n<div dir=\"auto\"><\/div>\n<div dir=\"auto\">La capacitaci\u00f3n estuvo dirigida a un grupo de 60 elementos integrados por personal administrativo, agentes ministeriales, integrantes de Recursos Humanos, Oficial\u00eda Mayor, Atenci\u00f3n a V\u00edctimas, Asesor\u00eda Jur\u00eddica, Asuntos Jur\u00eddicos, Unidad de Litigaci\u00f3n, entre otras \u00e1reas, precis\u00f3.<\/div>\n<div dir=\"auto\"><\/div>\n<div dir=\"auto\">Dijo que a trav\u00e9s de ejemplos, casos pr\u00e1cticos e informaci\u00f3n especializada, se proporcionaron herramientas para identificar la vulnerabilidad y su origen, as\u00ed como los procedimientos adecuados para garantizar el acceso igualitario a la justicia.<\/div>\n<div dir=\"auto\"><\/div>\n<div dir=\"auto\"><\/div>\n<div dir=\"auto\">\u201cEsta informaci\u00f3n ser\u00e1 \u00fatil para ejercer sus funciones diarias con un enfoque m\u00e1s inclusivo, eliminando brechas de desigualdad y ofreciendo una nueva perspectiva en la atenci\u00f3n de casos de violencia\u201d, a\u00f1adi\u00f3 Pay\u00e1n Garc\u00eda.<\/div>\n<div dir=\"auto\"><\/div>\n<div dir=\"auto\">La funcionaria destac\u00f3 que la colaboraci\u00f3n interinstitucional continuar\u00e1, ya que la prevenci\u00f3n y atenci\u00f3n de la violencia es una responsabilidad compartida entre instituciones.<\/div>\n","protected":false},"excerpt":{"rendered":"<p>Hermosillo, Sonora a 09 de junio del 2025.- Para fortalecer la prevenci\u00f3n y atenci\u00f3n de la violencia contra mujeres, ni\u00f1as y adolescentes, la Polic\u00eda Preventiva y Tr\u00e1nsito Municipal de Hermosillo, llev\u00f3 a cabo la segunda capacitaci\u00f3n dirigida al personal de la Fiscal\u00eda General de Justicia del Estado (FGJE). La directora de la Unidad de G\u00e9nero [&hellip;]<\/p>\n","protected":false},"author":2,"featured_media":220952,"comment_status":"closed","ping_status":"closed","sticky":false,"template":"","format":"standard","meta":{"footnotes":""},"categories":[12870,178],"tags":[12865,12869],"class_list":["post-220951","post","type-post","status-publish","format-standard","has-post-thumbnail","hentry","category-destacadas","category-local","tag-destacadas","tag-local"],"jetpack_featured_media_url":"https:\/\/rnoticias.com.mx\/Portal\/wp-content\/uploads\/2025\/06\/1001385784.jpg","amp_enabled":true,"_links":{"self":[{"href":"https:\/\/rnoticias.com.mx\/Portal\/wp-json\/wp\/v2\/posts\/220951","targetHints":{"allow":["GET"]}}],"collection":[{"href":"https:\/\/rnoticias.com.mx\/Portal\/wp-json\/wp\/v2\/posts"}],"about":[{"href":"https:\/\/rnoticias.com.mx\/Portal\/wp-json\/wp\/v2\/types\/post"}],"author":[{"embeddable":true,"href":"https:\/\/rnoticias.com.mx\/Portal\/wp-json\/wp\/v2\/users\/2"}],"replies":[{"embeddable":true,"href":"https:\/\/rnoticias.com.mx\/Portal\/wp-json\/wp\/v2\/comments?post=220951"}],"version-history":[{"count":1,"href":"https:\/\/rnoticias.com.mx\/Portal\/wp-json\/wp\/v2\/posts\/220951\/revisions"}],"predecessor-version":[{"id":220953,"href":"https:\/\/rnoticias.com.mx\/Portal\/wp-json\/wp\/v2\/posts\/220951\/revisions\/220953"}],"wp:featuredmedia":[{"embeddable":true,"href":"https:\/\/rnoticias.com.mx\/Portal\/wp-json\/wp\/v2\/media\/220952"}],"wp:attachment":[{"href":"https:\/\/rnoticias.com.mx\/Portal\/wp-json\/wp\/v2\/media?parent=220951"}],"wp:term":[{"taxonomy":"category","embeddable":true,"href":"https:\/\/rnoticias.com.mx\/Portal\/wp-json\/wp\/v2\/categories?post=220951"},{"taxonomy":"post_tag","embeddable":true,"href":"https:\/\/rnoticias.com.mx\/Portal\/wp-json\/wp\/v2\/tags?post=220951"}],"curies":[{"name":"wp","href":"https:\/\/api.w.org\/{rel}","templated":true}]}}