{"id":220948,"date":"2025-06-09T08:22:42","date_gmt":"2025-06-09T15:22:42","guid":{"rendered":"https:\/\/rnoticias.com.mx\/Portal\/?p=220948"},"modified":"2025-06-09T08:22:42","modified_gmt":"2025-06-09T15:22:42","slug":"fortalece-gobernador-durazo-vinculos-culturales-en-el-rio-sonora","status":"publish","type":"post","link":"https:\/\/rnoticias.com.mx\/Portal\/2025\/06\/09\/fortalece-gobernador-durazo-vinculos-culturales-en-el-rio-sonora\/","title":{"rendered":"Fortalece Gobernador Durazo v\u00ednculos culturales en el R\u00edo Sonora"},"content":{"rendered":"<p>Hermosillo, Sonora; 9 de junio de 2025. \u2013 Con el prop\u00f3sito de fortalecer la vida cultural en la regi\u00f3n del R\u00edo Sonora, el Gobierno de Sonora, a trav\u00e9s del Instituto Sonorense de Cultura (ISC), promovi\u00f3 programas de vinculaci\u00f3n cultural para infantes y adolescentes, y entreg\u00f3 acervos literarios destinados a enriquecer la oferta cultural de cada localidad.<\/p>\n<p>Durante la jornada, la directora general del ISC, Guadalupe Beatriz Aldaco Encinas, sostuvo encuentros con autoridades municipales de Bavi\u00e1cora, Aconchi, San Felipe de Jes\u00fas, Hu\u00e9pac, Ban\u00e1michi, Arizpe y Cananea, con quienes difundi\u00f3 los programas culturales e intercambi\u00f3 ideas para reforzar la difusi\u00f3n de la cultura en el estado.<\/p>\n<p>Uno de los momentos destacados fue la inauguraci\u00f3n de los Murales del R\u00edo Sonora en la plaza p\u00fablica de Arizpe, una intervenci\u00f3n art\u00edstica comunitaria que forma parte de las acciones del Gobierno de Sonora a trav\u00e9s del Est\u00edmulo Fiscal para la Cultura y las Artes (Eficas).<\/p>\n<p>Asimismo, se realiz\u00f3 una visita oficial al Museo de la Lucha Obrera en Cananea, integrante de la Red Estatal de Museos a cargo del ISC y dirigido por Perla Meraz. Este recinto, que registr\u00f3 casi 800 visitantes con boleto pagado durante el \u00faltimo mes, permanece abierto de mi\u00e9rcoles a domingo, de 9:00 a 17:00 horas, como un espacio activo de encuentro con la historia minera y cultural de la regi\u00f3n.<\/p>\n<p>Consulta la agenda de actividades culturales en el sitio oficial\u00a0<a href=\"http:\/\/isc.sonora.edu.mx\/\" target=\"_blank\" rel=\"noopener\" data-saferedirecturl=\"https:\/\/www.google.com\/url?q=http:\/\/isc.sonora.edu.mx&amp;source=gmail&amp;ust=1749503146928000&amp;usg=AOvVaw158Gecb8iXfrkWmC8zjXlD\">isc.sonora.edu.mx<\/a>\u00a0y a trav\u00e9s de redes sociales en @iscsonora.<\/p>\n","protected":false},"excerpt":{"rendered":"<p>Hermosillo, Sonora; 9 de junio de 2025. \u2013 Con el prop\u00f3sito de fortalecer la vida cultural en la regi\u00f3n del R\u00edo Sonora, el Gobierno de Sonora, a trav\u00e9s del Instituto Sonorense de Cultura (ISC), promovi\u00f3 programas de vinculaci\u00f3n cultural para infantes y adolescentes, y entreg\u00f3 acervos literarios destinados a enriquecer la oferta cultural de cada [&hellip;]<\/p>\n","protected":false},"author":2,"featured_media":220949,"comment_status":"closed","ping_status":"closed","sticky":false,"template":"","format":"standard","meta":{"footnotes":""},"categories":[12870,178],"tags":[12865,12869],"class_list":["post-220948","post","type-post","status-publish","format-standard","has-post-thumbnail","hentry","category-destacadas","category-local","tag-destacadas","tag-local"],"jetpack_featured_media_url":"https:\/\/rnoticias.com.mx\/Portal\/wp-content\/uploads\/2025\/06\/unnamed-29.jpg","amp_enabled":true,"_links":{"self":[{"href":"https:\/\/rnoticias.com.mx\/Portal\/wp-json\/wp\/v2\/posts\/220948","targetHints":{"allow":["GET"]}}],"collection":[{"href":"https:\/\/rnoticias.com.mx\/Portal\/wp-json\/wp\/v2\/posts"}],"about":[{"href":"https:\/\/rnoticias.com.mx\/Portal\/wp-json\/wp\/v2\/types\/post"}],"author":[{"embeddable":true,"href":"https:\/\/rnoticias.com.mx\/Portal\/wp-json\/wp\/v2\/users\/2"}],"replies":[{"embeddable":true,"href":"https:\/\/rnoticias.com.mx\/Portal\/wp-json\/wp\/v2\/comments?post=220948"}],"version-history":[{"count":1,"href":"https:\/\/rnoticias.com.mx\/Portal\/wp-json\/wp\/v2\/posts\/220948\/revisions"}],"predecessor-version":[{"id":220950,"href":"https:\/\/rnoticias.com.mx\/Portal\/wp-json\/wp\/v2\/posts\/220948\/revisions\/220950"}],"wp:featuredmedia":[{"embeddable":true,"href":"https:\/\/rnoticias.com.mx\/Portal\/wp-json\/wp\/v2\/media\/220949"}],"wp:attachment":[{"href":"https:\/\/rnoticias.com.mx\/Portal\/wp-json\/wp\/v2\/media?parent=220948"}],"wp:term":[{"taxonomy":"category","embeddable":true,"href":"https:\/\/rnoticias.com.mx\/Portal\/wp-json\/wp\/v2\/categories?post=220948"},{"taxonomy":"post_tag","embeddable":true,"href":"https:\/\/rnoticias.com.mx\/Portal\/wp-json\/wp\/v2\/tags?post=220948"}],"curies":[{"name":"wp","href":"https:\/\/api.w.org\/{rel}","templated":true}]}}