{"id":220944,"date":"2025-06-08T20:29:22","date_gmt":"2025-06-09T03:29:22","guid":{"rendered":"https:\/\/rnoticias.com.mx\/Portal\/?p=220944"},"modified":"2025-06-08T20:29:22","modified_gmt":"2025-06-09T03:29:22","slug":"gobernador-durazo-proyecta-a-sonora-con-torneo-rumbo-a-mundial-fiba-2027","status":"publish","type":"post","link":"https:\/\/rnoticias.com.mx\/Portal\/2025\/06\/08\/gobernador-durazo-proyecta-a-sonora-con-torneo-rumbo-a-mundial-fiba-2027\/","title":{"rendered":"Gobernador Durazo proyecta a Sonora con torneo rumbo a Mundial FIBA 2027"},"content":{"rendered":"<p align=\"left\">Hermosillo, Sonora; 8 de junio de 2025.- Como parte de las acciones del Gobierno de Sonora para impulsar el talento deportivo, as\u00ed como la proyecci\u00f3n cultural y tur\u00edstica de la entidad, el gobernador Alfonso Durazo Monta\u00f1o anunci\u00f3 que por primera vez arribar\u00e1n selecciones internacionales de baloncesto a Cajeme, para participar en el Torneo Precalificatorio rumbo al Mundial FIBA 2027 en Qatar.<\/p>\n<p align=\"left\">En reuni\u00f3n con Omar Quintero, entrenador de la Selecci\u00f3n Mexicana de Baloncesto, el mandatario estatal destac\u00f3 que Sonora fue seleccionada como una de las dos \u00fanicas sedes en toda Latinoam\u00e9rica para albergar este evento de alto nivel, que se llevar\u00e1 a cabo del 8 al 10 de agosto en la Arena ITSON, con equipos de pa\u00edses como Cuba, Costa Rica y Jamaica.<\/p>\n<p align=\"left\">Durazo Monta\u00f1o subray\u00f3 que esta competencia generar\u00e1 una derrama econ\u00f3mica significativa, al activar sectores como hoteler\u00eda, comercio, servicios tur\u00edsticos, transporte y una cadena de valor que beneficiar\u00e1 directamente a miles de familias.<\/p>\n<p align=\"left\">\u201cSer\u00e1 un verdadero honor recibir a las selecciones internacionales de baloncesto en Cajeme, para una competencia que detonar\u00e1 la econom\u00eda local y marcar\u00e1 un antes y un despu\u00e9s en el desarrollo econ\u00f3mico y social de la regi\u00f3n\u201d, indic\u00f3 el gobernador.<\/p>\n<p align=\"left\">Durante los FIBA Pre-Qualifiers 2025 participar\u00e1n 32 pa\u00edses de cinco zonas continentales, que buscar\u00e1n avanzar a la siguiente fase del proceso eliminatorio. La Arena ITSON ser\u00e1 sede, por primera vez, de una competencia de esta magnitud.<\/p>\n","protected":false},"excerpt":{"rendered":"<p>Hermosillo, Sonora; 8 de junio de 2025.- Como parte de las acciones del Gobierno de Sonora para impulsar el talento deportivo, as\u00ed como la proyecci\u00f3n cultural y tur\u00edstica de la entidad, el gobernador Alfonso Durazo Monta\u00f1o anunci\u00f3 que por primera vez arribar\u00e1n selecciones internacionales de baloncesto a Cajeme, para participar en el Torneo Precalificatorio rumbo [&hellip;]<\/p>\n","protected":false},"author":2,"featured_media":220945,"comment_status":"closed","ping_status":"closed","sticky":false,"template":"","format":"standard","meta":{"footnotes":""},"categories":[188,12870],"tags":[5231,12865],"class_list":["post-220944","post","type-post","status-publish","format-standard","has-post-thumbnail","hentry","category-deportes","category-destacadas","tag-deportes","tag-destacadas"],"jetpack_featured_media_url":"https:\/\/rnoticias.com.mx\/Portal\/wp-content\/uploads\/2025\/06\/unnamed-4-4.jpg","amp_enabled":true,"_links":{"self":[{"href":"https:\/\/rnoticias.com.mx\/Portal\/wp-json\/wp\/v2\/posts\/220944","targetHints":{"allow":["GET"]}}],"collection":[{"href":"https:\/\/rnoticias.com.mx\/Portal\/wp-json\/wp\/v2\/posts"}],"about":[{"href":"https:\/\/rnoticias.com.mx\/Portal\/wp-json\/wp\/v2\/types\/post"}],"author":[{"embeddable":true,"href":"https:\/\/rnoticias.com.mx\/Portal\/wp-json\/wp\/v2\/users\/2"}],"replies":[{"embeddable":true,"href":"https:\/\/rnoticias.com.mx\/Portal\/wp-json\/wp\/v2\/comments?post=220944"}],"version-history":[{"count":1,"href":"https:\/\/rnoticias.com.mx\/Portal\/wp-json\/wp\/v2\/posts\/220944\/revisions"}],"predecessor-version":[{"id":220946,"href":"https:\/\/rnoticias.com.mx\/Portal\/wp-json\/wp\/v2\/posts\/220944\/revisions\/220946"}],"wp:featuredmedia":[{"embeddable":true,"href":"https:\/\/rnoticias.com.mx\/Portal\/wp-json\/wp\/v2\/media\/220945"}],"wp:attachment":[{"href":"https:\/\/rnoticias.com.mx\/Portal\/wp-json\/wp\/v2\/media?parent=220944"}],"wp:term":[{"taxonomy":"category","embeddable":true,"href":"https:\/\/rnoticias.com.mx\/Portal\/wp-json\/wp\/v2\/categories?post=220944"},{"taxonomy":"post_tag","embeddable":true,"href":"https:\/\/rnoticias.com.mx\/Portal\/wp-json\/wp\/v2\/tags?post=220944"}],"curies":[{"name":"wp","href":"https:\/\/api.w.org\/{rel}","templated":true}]}}