{"id":220935,"date":"2025-06-08T20:24:14","date_gmt":"2025-06-09T03:24:14","guid":{"rendered":"https:\/\/rnoticias.com.mx\/Portal\/?p=220935"},"modified":"2025-06-08T20:24:14","modified_gmt":"2025-06-09T03:24:14","slug":"gobierno-de-sonora-involucra-a-padres-de-familia-en-la-construccion-de-la-paz","status":"publish","type":"post","link":"https:\/\/rnoticias.com.mx\/Portal\/2025\/06\/08\/gobierno-de-sonora-involucra-a-padres-de-familia-en-la-construccion-de-la-paz\/","title":{"rendered":"Gobierno de Sonora involucra a padres de familia en la construcci\u00f3n de La Paz"},"content":{"rendered":"<p>Hermosillo, Sonora; 8 de junio de 2025.- Con la finalidad de ofrecer a madres, padres y tutores herramientas \u00fatiles para prevenir la violencia y la delincuencia en los j\u00f3venes, el Gobierno de Sonora, con la intervenci\u00f3n de la Secretar\u00eda de Seguridad P\u00fablica (SSP), implement\u00f3 el programa \u201cEscuela para Padres Constructores de Paz\u201d.<\/p>\n<p>Porque la familia es el primer espacio de socializaci\u00f3n y formaci\u00f3n de valores, la administraci\u00f3n estatal trabaja para influir positivamente en el comportamiento de las ni\u00f1as, ni\u00f1os y adolescentes, con el prop\u00f3sito de reducir los factores de riesgo asociados a conductas violentas o delictivas.<\/p>\n<p>Rita Olivia Burgos Villaescusa, coordinadora estatal del Centro de Prevenci\u00f3n del Delito y Participaci\u00f3n Ciudadana, inform\u00f3 que este programa se inici\u00f3 la presente semana en Hermosillo, en las escuelas secundarias Estatal 11, Estatal 15, Estatal 17, Estatal 24 y Telesecundaria 74. La capacitaci\u00f3n en cada plantel se impartir\u00e1 por un periodo de cuatro semanas, con sesiones informativas de dos horas todos los jueves.<\/p>\n<p>Mencion\u00f3 que, entre los principales temas que se abordan en la Escuela para Padres Constructores de Paz, destacan: escucha activa y comunicaci\u00f3n asertiva; crianza positiva y cultura de la paz; prevenci\u00f3n de violencias y adicciones en j\u00f3venes; responsabilidades y obligaciones.<\/p>\n<p>En cada sesi\u00f3n, explic\u00f3, se pretende fortalecer la comunicaci\u00f3n familiar que permita detectar a tiempo problemas emocionales o situaciones de riesgo, y ayudar a establecer un ambiente de confianza donde las y los j\u00f3venes puedan expresar sus inquietudes sin temor.<\/p>\n","protected":false},"excerpt":{"rendered":"<p>Hermosillo, Sonora; 8 de junio de 2025.- Con la finalidad de ofrecer a madres, padres y tutores herramientas \u00fatiles para prevenir la violencia y la delincuencia en los j\u00f3venes, el Gobierno de Sonora, con la intervenci\u00f3n de la Secretar\u00eda de Seguridad P\u00fablica (SSP), implement\u00f3 el programa \u201cEscuela para Padres Constructores de Paz\u201d. Porque la familia [&hellip;]<\/p>\n","protected":false},"author":2,"featured_media":220936,"comment_status":"closed","ping_status":"closed","sticky":false,"template":"","format":"standard","meta":{"footnotes":""},"categories":[12870,178],"tags":[12865,12869],"class_list":["post-220935","post","type-post","status-publish","format-standard","has-post-thumbnail","hentry","category-destacadas","category-local","tag-destacadas","tag-local"],"jetpack_featured_media_url":"https:\/\/rnoticias.com.mx\/Portal\/wp-content\/uploads\/2025\/06\/unnamed-28.jpg","amp_enabled":true,"_links":{"self":[{"href":"https:\/\/rnoticias.com.mx\/Portal\/wp-json\/wp\/v2\/posts\/220935","targetHints":{"allow":["GET"]}}],"collection":[{"href":"https:\/\/rnoticias.com.mx\/Portal\/wp-json\/wp\/v2\/posts"}],"about":[{"href":"https:\/\/rnoticias.com.mx\/Portal\/wp-json\/wp\/v2\/types\/post"}],"author":[{"embeddable":true,"href":"https:\/\/rnoticias.com.mx\/Portal\/wp-json\/wp\/v2\/users\/2"}],"replies":[{"embeddable":true,"href":"https:\/\/rnoticias.com.mx\/Portal\/wp-json\/wp\/v2\/comments?post=220935"}],"version-history":[{"count":1,"href":"https:\/\/rnoticias.com.mx\/Portal\/wp-json\/wp\/v2\/posts\/220935\/revisions"}],"predecessor-version":[{"id":220937,"href":"https:\/\/rnoticias.com.mx\/Portal\/wp-json\/wp\/v2\/posts\/220935\/revisions\/220937"}],"wp:featuredmedia":[{"embeddable":true,"href":"https:\/\/rnoticias.com.mx\/Portal\/wp-json\/wp\/v2\/media\/220936"}],"wp:attachment":[{"href":"https:\/\/rnoticias.com.mx\/Portal\/wp-json\/wp\/v2\/media?parent=220935"}],"wp:term":[{"taxonomy":"category","embeddable":true,"href":"https:\/\/rnoticias.com.mx\/Portal\/wp-json\/wp\/v2\/categories?post=220935"},{"taxonomy":"post_tag","embeddable":true,"href":"https:\/\/rnoticias.com.mx\/Portal\/wp-json\/wp\/v2\/tags?post=220935"}],"curies":[{"name":"wp","href":"https:\/\/api.w.org\/{rel}","templated":true}]}}