{"id":220926,"date":"2025-06-08T20:16:06","date_gmt":"2025-06-09T03:16:06","guid":{"rendered":"https:\/\/rnoticias.com.mx\/Portal\/?p=220926"},"modified":"2025-06-08T20:16:06","modified_gmt":"2025-06-09T03:16:06","slug":"gobernador-durazo-impulsa-foros-de-consulta-para-alinear-el-plan-estatal-con-el-plan-nacional-de-desarrollo","status":"publish","type":"post","link":"https:\/\/rnoticias.com.mx\/Portal\/2025\/06\/08\/gobernador-durazo-impulsa-foros-de-consulta-para-alinear-el-plan-estatal-con-el-plan-nacional-de-desarrollo\/","title":{"rendered":"Gobernador Durazo impulsa foros de consulta para alinear el Plan Estatal con el Plan Nacional de Desarrollo"},"content":{"rendered":"<p align=\"left\">Hermosillo, Sonora; 8 de junio de 2025.- Con el objetivo de construir una agenda conjunta con el Gobierno de M\u00e9xico, encabezado por la presidenta Claudia Sheinbaum Pardo, el gobernador Alfonso Durazo Monta\u00f1o encabezar\u00e1 los foros de consulta p\u00fablica para la actualizaci\u00f3n del Plan Estatal de Desarrollo 2022-2027, en respuesta a los cambios del contexto local, nacional y global.<\/p>\n<p align=\"left\">Durazo Monta\u00f1o destac\u00f3 que este ejercicio busca alinear el Plan Estatal con el nuevo Plan Nacional de Desarrollo 2025-2030, promovido por la presidenta Sheinbaum, a fin de fortalecer la coordinaci\u00f3n entre los distintos \u00f3rdenes de gobierno y armonizar prioridades en temas como justicia social, transici\u00f3n energ\u00e9tica, soberan\u00eda alimentaria y transformaci\u00f3n institucional.<\/p>\n<p align=\"left\">Al cumplirse la mitad de su administraci\u00f3n, el gobernador se\u00f1al\u00f3 que esta consulta permitir\u00e1 evaluar avances, identificar \u00e1reas de oportunidad y redise\u00f1ar programas con base en evidencia, de acuerdo con las nuevas realidades sociales, econ\u00f3micas y ambientales.<\/p>\n<p align=\"left\">Los foros se desarrollar\u00e1n del 9 al 13 de junio en el Museo de las Artes de Sonora (MUSAS), de 8:30 a 14:30 horas, en cinco bloques tem\u00e1ticos: Un Gobierno para Todas y Todos; Bienestar Social con Justicia; Desarrollo Seguro, Econ\u00f3mico y Sustentable; Igualdad y Derechos para Todas y Todos; Innovaci\u00f3n P\u00fablica para un Gobierno Inteligente<\/p>\n<p align=\"left\">Cada jornada incluir\u00e1 tres mesas de trabajo con enfoque especializado, aplicando una metodolog\u00eda participativa que facilite la construcci\u00f3n colectiva de propuestas. El objetivo es recoger, de manera abierta, inclusiva y ordenada, las ideas, necesidades y planteamientos de la poblaci\u00f3n para fortalecer la planeaci\u00f3n estatal.<\/p>\n","protected":false},"excerpt":{"rendered":"<p>Hermosillo, Sonora; 8 de junio de 2025.- Con el objetivo de construir una agenda conjunta con el Gobierno de M\u00e9xico, encabezado por la presidenta Claudia Sheinbaum Pardo, el gobernador Alfonso Durazo Monta\u00f1o encabezar\u00e1 los foros de consulta p\u00fablica para la actualizaci\u00f3n del Plan Estatal de Desarrollo 2022-2027, en respuesta a los cambios del contexto local, [&hellip;]<\/p>\n","protected":false},"author":2,"featured_media":220927,"comment_status":"closed","ping_status":"closed","sticky":false,"template":"","format":"standard","meta":{"footnotes":""},"categories":[12870,178],"tags":[12865,12869],"class_list":["post-220926","post","type-post","status-publish","format-standard","has-post-thumbnail","hentry","category-destacadas","category-local","tag-destacadas","tag-local"],"jetpack_featured_media_url":"https:\/\/rnoticias.com.mx\/Portal\/wp-content\/uploads\/2025\/06\/unnamed-27.jpg","amp_enabled":true,"_links":{"self":[{"href":"https:\/\/rnoticias.com.mx\/Portal\/wp-json\/wp\/v2\/posts\/220926","targetHints":{"allow":["GET"]}}],"collection":[{"href":"https:\/\/rnoticias.com.mx\/Portal\/wp-json\/wp\/v2\/posts"}],"about":[{"href":"https:\/\/rnoticias.com.mx\/Portal\/wp-json\/wp\/v2\/types\/post"}],"author":[{"embeddable":true,"href":"https:\/\/rnoticias.com.mx\/Portal\/wp-json\/wp\/v2\/users\/2"}],"replies":[{"embeddable":true,"href":"https:\/\/rnoticias.com.mx\/Portal\/wp-json\/wp\/v2\/comments?post=220926"}],"version-history":[{"count":1,"href":"https:\/\/rnoticias.com.mx\/Portal\/wp-json\/wp\/v2\/posts\/220926\/revisions"}],"predecessor-version":[{"id":220928,"href":"https:\/\/rnoticias.com.mx\/Portal\/wp-json\/wp\/v2\/posts\/220926\/revisions\/220928"}],"wp:featuredmedia":[{"embeddable":true,"href":"https:\/\/rnoticias.com.mx\/Portal\/wp-json\/wp\/v2\/media\/220927"}],"wp:attachment":[{"href":"https:\/\/rnoticias.com.mx\/Portal\/wp-json\/wp\/v2\/media?parent=220926"}],"wp:term":[{"taxonomy":"category","embeddable":true,"href":"https:\/\/rnoticias.com.mx\/Portal\/wp-json\/wp\/v2\/categories?post=220926"},{"taxonomy":"post_tag","embeddable":true,"href":"https:\/\/rnoticias.com.mx\/Portal\/wp-json\/wp\/v2\/tags?post=220926"}],"curies":[{"name":"wp","href":"https:\/\/api.w.org\/{rel}","templated":true}]}}