{"id":220923,"date":"2025-06-08T15:52:44","date_gmt":"2025-06-08T22:52:44","guid":{"rendered":"https:\/\/rnoticias.com.mx\/Portal\/?p=220923"},"modified":"2025-06-08T15:52:44","modified_gmt":"2025-06-08T22:52:44","slug":"portugal-vence-a-espana-en-penales-y-gana-la-liga-de-naciones","status":"publish","type":"post","link":"https:\/\/rnoticias.com.mx\/Portal\/2025\/06\/08\/portugal-vence-a-espana-en-penales-y-gana-la-liga-de-naciones\/","title":{"rendered":"Portugal vence a Espa\u00f1a en penales y gana la Liga de Naciones"},"content":{"rendered":"<p><strong>R\u00faben Neves anot\u00f3 el penalti decisivo cuando Portugal derrot\u00f3 a Espa\u00f1a 5-3<\/strong>\u00a0en penales para ganar la Liga de Naciones de Europa el domingo.<\/p>\n<p>El portero de Portugal, Diogo Costa, ataj\u00f3 el cuarto penalti de \u00c1lvaro Morata para Espa\u00f1a, luego Neves convirti\u00f3 el quinto de su equipo para asegurar la victoria despu\u00e9s de que el\u00a0<strong>partido terminara igualado 2-2 tras la pr\u00f3rroga.<\/strong><\/p>\n<p>Cristiano Ronaldo mantuvo a Portugal en el juego cuando igual\u00f3 a los 61 minutos del tiempo reglamentario con su gol n\u00famero 138, extendiendo su r\u00e9cord, despu\u00e9s de que Mikel Oyarzabal le diera a Espa\u00f1a la ventaja al descanso.<\/p>\n<p><strong>Oyarzabal pas\u00f3 el bal\u00f3n por el portero de Portugal, Diogo Costa, a los 45 minutos despu\u00e9s de que Pedri lo asistiera.<\/strong><\/p>\n<p><strong>Martin Zubimendi hab\u00eda roto el empate a los 21, con un gol de empuje cuando la defensa de Portugal no pudo manejar el centro de Lamine Yamal, luego Nuno Mendes igual\u00f3 cinco minutos despu\u00e9s con un disparo bajo al interior del poste lejano.<\/strong><\/p>\n<p>Anteriormente, Kylian Mbapp\u00e9 llev\u00f3 a Francia al tercer lugar con una victoria de 2-0 sobre la naci\u00f3n anfitriona, Alemania, en Stuttgart.<\/p>\n","protected":false},"excerpt":{"rendered":"<p>R\u00faben Neves anot\u00f3 el penalti decisivo cuando Portugal derrot\u00f3 a Espa\u00f1a 5-3\u00a0en penales para ganar la Liga de Naciones de Europa el domingo. El portero de Portugal, Diogo Costa, ataj\u00f3 el cuarto penalti de \u00c1lvaro Morata para Espa\u00f1a, luego Neves convirti\u00f3 el quinto de su equipo para asegurar la victoria despu\u00e9s de que el\u00a0partido terminara [&hellip;]<\/p>\n","protected":false},"author":2,"featured_media":220924,"comment_status":"closed","ping_status":"closed","sticky":false,"template":"","format":"standard","meta":{"footnotes":""},"categories":[188,12870],"tags":[5231,12865],"class_list":["post-220923","post","type-post","status-publish","format-standard","has-post-thumbnail","hentry","category-deportes","category-destacadas","tag-deportes","tag-destacadas"],"jetpack_featured_media_url":"https:\/\/rnoticias.com.mx\/Portal\/wp-content\/uploads\/2025\/06\/Cristiano-.jpg","amp_enabled":true,"_links":{"self":[{"href":"https:\/\/rnoticias.com.mx\/Portal\/wp-json\/wp\/v2\/posts\/220923","targetHints":{"allow":["GET"]}}],"collection":[{"href":"https:\/\/rnoticias.com.mx\/Portal\/wp-json\/wp\/v2\/posts"}],"about":[{"href":"https:\/\/rnoticias.com.mx\/Portal\/wp-json\/wp\/v2\/types\/post"}],"author":[{"embeddable":true,"href":"https:\/\/rnoticias.com.mx\/Portal\/wp-json\/wp\/v2\/users\/2"}],"replies":[{"embeddable":true,"href":"https:\/\/rnoticias.com.mx\/Portal\/wp-json\/wp\/v2\/comments?post=220923"}],"version-history":[{"count":1,"href":"https:\/\/rnoticias.com.mx\/Portal\/wp-json\/wp\/v2\/posts\/220923\/revisions"}],"predecessor-version":[{"id":220925,"href":"https:\/\/rnoticias.com.mx\/Portal\/wp-json\/wp\/v2\/posts\/220923\/revisions\/220925"}],"wp:featuredmedia":[{"embeddable":true,"href":"https:\/\/rnoticias.com.mx\/Portal\/wp-json\/wp\/v2\/media\/220924"}],"wp:attachment":[{"href":"https:\/\/rnoticias.com.mx\/Portal\/wp-json\/wp\/v2\/media?parent=220923"}],"wp:term":[{"taxonomy":"category","embeddable":true,"href":"https:\/\/rnoticias.com.mx\/Portal\/wp-json\/wp\/v2\/categories?post=220923"},{"taxonomy":"post_tag","embeddable":true,"href":"https:\/\/rnoticias.com.mx\/Portal\/wp-json\/wp\/v2\/tags?post=220923"}],"curies":[{"name":"wp","href":"https:\/\/api.w.org\/{rel}","templated":true}]}}