{"id":220920,"date":"2025-06-08T15:25:39","date_gmt":"2025-06-08T22:25:39","guid":{"rendered":"https:\/\/rnoticias.com.mx\/Portal\/?p=220920"},"modified":"2025-06-08T15:25:39","modified_gmt":"2025-06-08T22:25:39","slug":"se-realiza-la-entrega-de-equipamiento-para-el-programa-de-salud-casa-por-casa-en-sonora-oap","status":"publish","type":"post","link":"https:\/\/rnoticias.com.mx\/Portal\/2025\/06\/08\/se-realiza-la-entrega-de-equipamiento-para-el-programa-de-salud-casa-por-casa-en-sonora-oap\/","title":{"rendered":"Se realiza la entrega de equipamiento para el Programa de Salud Casa por Casa en Sonora: OAP"},"content":{"rendered":"<p>Hermosillo, Sonora, 08 de junio de 2025.\u2013 En cumplimiento a la visi\u00f3n humanista del Gobierno de M\u00e9xico y como parte del esfuerzo coordinado para fortalecer la atenci\u00f3n m\u00e9dica preventiva y cercana a las comunidades, el Delegado de Programas para el Bienestar en Sonora, Octavio Almada Palafox, encabez\u00f3 la entrega del equipamiento para el personal del Programa de Salud Casa por Casa en la entidad.<\/p>\n<p>Este programa forma parte de los nuevos impulsados por la Presidenta Claudia Sheinbaum Pardo, dirigido a las y los derechohabientes y beneficiarios de las Pensiones de Adultos Mayores y Personas con Discapacidad.<\/p>\n<p>\u201cCon este programa se contin\u00faa visibilizando el gran compromiso que tiene la Presidenta de M\u00e9xico con las familias sonorenses, para que sean atendidas con personal m\u00e9dico en sus hogares\u201d, resalt\u00f3 el Delegado.<\/p>\n<p>El equipamiento incluye las herramientas b\u00e1sicas de atenci\u00f3n primaria, mismas que permitir\u00e1n al personal brindar atenci\u00f3n oportuna, detecci\u00f3n temprana de enfermedades y orientaci\u00f3n en materia de prevenci\u00f3n y autocuidado.<\/p>\n<p>\u201cHoy damos un paso m\u00e1s en la transformaci\u00f3n del sistema de salud en Sonora. Iniciamos la entrega del equipamiento necesario para que el personal del Programa de Salud Casa por Casa realice su labor con dignidad, profesionalismo y calidez humana. Este esfuerzo refleja nuestro compromiso con un modelo de salud que llega a donde nunca antes se hab\u00eda llegado\u201d, afirm\u00f3 el Delegado Almada.<\/p>\n<p>Asimismo, se realiz\u00f3 la capacitaci\u00f3n a las y los facilitadores del Programa en el uso de la nueva App, con la que podr\u00e1n programar visitas y llevar un registro \u00e1gil y eficiente de sus pacientes.<\/p>\n<p>\u201cCon esta herramienta digital, estamos cumpliendo la encomienda de nuestra Presidenta Claudia Sheinbaum Pardo de llevar la atenci\u00f3n m\u00e9dica directamente a los hogares, para que la salud sea un derecho garantizado, no un privilegio\u201d, concluy\u00f3 el Delegado.<\/p>\n<p>Con estas acciones, el Gobierno de M\u00e9xico reafirma su compromiso con el bienestar integral de las y los sonorenses, haciendo realidad el Segundo Piso de la Transformaci\u00f3n.<\/p>\n","protected":false},"excerpt":{"rendered":"<p>Hermosillo, Sonora, 08 de junio de 2025.\u2013 En cumplimiento a la visi\u00f3n humanista del Gobierno de M\u00e9xico y como parte del esfuerzo coordinado para fortalecer la atenci\u00f3n m\u00e9dica preventiva y cercana a las comunidades, el Delegado de Programas para el Bienestar en Sonora, Octavio Almada Palafox, encabez\u00f3 la entrega del equipamiento para el personal del [&hellip;]<\/p>\n","protected":false},"author":2,"featured_media":220921,"comment_status":"closed","ping_status":"closed","sticky":false,"template":"","format":"standard","meta":{"footnotes":""},"categories":[12870,178],"tags":[12865,12869],"class_list":["post-220920","post","type-post","status-publish","format-standard","has-post-thumbnail","hentry","category-destacadas","category-local","tag-destacadas","tag-local"],"jetpack_featured_media_url":"https:\/\/rnoticias.com.mx\/Portal\/wp-content\/uploads\/2025\/06\/f8993763-1718-45c4-9923-dd5049280636-scaled.jpg","amp_enabled":true,"_links":{"self":[{"href":"https:\/\/rnoticias.com.mx\/Portal\/wp-json\/wp\/v2\/posts\/220920","targetHints":{"allow":["GET"]}}],"collection":[{"href":"https:\/\/rnoticias.com.mx\/Portal\/wp-json\/wp\/v2\/posts"}],"about":[{"href":"https:\/\/rnoticias.com.mx\/Portal\/wp-json\/wp\/v2\/types\/post"}],"author":[{"embeddable":true,"href":"https:\/\/rnoticias.com.mx\/Portal\/wp-json\/wp\/v2\/users\/2"}],"replies":[{"embeddable":true,"href":"https:\/\/rnoticias.com.mx\/Portal\/wp-json\/wp\/v2\/comments?post=220920"}],"version-history":[{"count":1,"href":"https:\/\/rnoticias.com.mx\/Portal\/wp-json\/wp\/v2\/posts\/220920\/revisions"}],"predecessor-version":[{"id":220922,"href":"https:\/\/rnoticias.com.mx\/Portal\/wp-json\/wp\/v2\/posts\/220920\/revisions\/220922"}],"wp:featuredmedia":[{"embeddable":true,"href":"https:\/\/rnoticias.com.mx\/Portal\/wp-json\/wp\/v2\/media\/220921"}],"wp:attachment":[{"href":"https:\/\/rnoticias.com.mx\/Portal\/wp-json\/wp\/v2\/media?parent=220920"}],"wp:term":[{"taxonomy":"category","embeddable":true,"href":"https:\/\/rnoticias.com.mx\/Portal\/wp-json\/wp\/v2\/categories?post=220920"},{"taxonomy":"post_tag","embeddable":true,"href":"https:\/\/rnoticias.com.mx\/Portal\/wp-json\/wp\/v2\/tags?post=220920"}],"curies":[{"name":"wp","href":"https:\/\/api.w.org\/{rel}","templated":true}]}}