{"id":220914,"date":"2025-06-08T15:22:56","date_gmt":"2025-06-08T22:22:56","guid":{"rendered":"https:\/\/rnoticias.com.mx\/Portal\/?p=220914"},"modified":"2025-06-08T15:22:56","modified_gmt":"2025-06-08T22:22:56","slug":"sentencia-de-32-anos-de-prision-para-violador-de-una-menor-en-empalme","status":"publish","type":"post","link":"https:\/\/rnoticias.com.mx\/Portal\/2025\/06\/08\/sentencia-de-32-anos-de-prision-para-violador-de-una-menor-en-empalme\/","title":{"rendered":"Sentencia de 32 a\u00f1os de prisi\u00f3n para violador de una menor en Empalme"},"content":{"rendered":"<p>Empalme, Sonora, 8 de junio de 2025.- La Fiscal\u00eda General de Justicia del Estado de Sonora (FGJES), tras el trabajo de investigaci\u00f3n y litigaci\u00f3n logr\u00f3 demostrar la responsabilidad de Joel Gustavo \u201cN\u201d, de 31 a\u00f1os, por los delitos de violaci\u00f3n agravada en n\u00famero de dos, cometidos en perjuicio de una menor de edad, obteniendo del Juez una sentencia condenatoria de 32 a\u00f1os de prisi\u00f3n.<\/p>\n<p>Los hechos que llevaron a esta resoluci\u00f3n judicial ocurrieron el 18 de diciembre de 2023, en una vivienda de la colonia Oriente en Empalme, Sonora. En dicha ocasi\u00f3n, el imputado, aprovech\u00e1ndose de su relaci\u00f3n vecinal con la menor v\u00edctima, la jal\u00f3 del brazo y la introdujo a una de las rec\u00e1maras de su domicilio, donde cometi\u00f3 el delito.<\/p>\n<p>Un segundo hecho fue denunciado el 1 de mayo de 2024, alrededor de las siete de la noche, en el mismo lugar; de nuevo, el sentenciado llev\u00f3 a la menor a la rec\u00e1mara, por la fuerza y la agredi\u00f3 sexualmente, aprovech\u00e1ndose de la relaci\u00f3n vecinal con la v\u00edctima.<\/p>\n<p>Tras la denuncia, se llevaron a cabo las acciones de investigaci\u00f3n tanto de campo como de gabinete, que llevaron a la consolidaci\u00f3n de una carpeta de investigaci\u00f3n con pruebas veraces, objetivas, constitucionales, \u00fatiles y pertinentes para demostrar la culpabilidad del se\u00f1alado.<\/p>\n<p>La FGJES refrenda su compromiso con la protecci\u00f3n integral de las v\u00edctimas, especialmente menores de edad, as\u00ed como con la erradicaci\u00f3n de conductas violentas y abusivas que atentan contra la integridad f\u00edsica y psicol\u00f3gica de la ni\u00f1ez y adolescencia sonorense.<\/p>\n","protected":false},"excerpt":{"rendered":"<p>Empalme, Sonora, 8 de junio de 2025.- La Fiscal\u00eda General de Justicia del Estado de Sonora (FGJES), tras el trabajo de investigaci\u00f3n y litigaci\u00f3n logr\u00f3 demostrar la responsabilidad de Joel Gustavo \u201cN\u201d, de 31 a\u00f1os, por los delitos de violaci\u00f3n agravada en n\u00famero de dos, cometidos en perjuicio de una menor de edad, obteniendo del [&hellip;]<\/p>\n","protected":false},"author":2,"featured_media":220915,"comment_status":"closed","ping_status":"closed","sticky":false,"template":"","format":"standard","meta":{"footnotes":""},"categories":[12870,174],"tags":[12865,12873],"class_list":["post-220914","post","type-post","status-publish","format-standard","has-post-thumbnail","hentry","category-destacadas","category-estatal","tag-destacadas","tag-estatal"],"jetpack_featured_media_url":"https:\/\/rnoticias.com.mx\/Portal\/wp-content\/uploads\/2025\/06\/f92c312a-6f48-423d-9c92-17aefac9ff68.jpg","amp_enabled":true,"_links":{"self":[{"href":"https:\/\/rnoticias.com.mx\/Portal\/wp-json\/wp\/v2\/posts\/220914","targetHints":{"allow":["GET"]}}],"collection":[{"href":"https:\/\/rnoticias.com.mx\/Portal\/wp-json\/wp\/v2\/posts"}],"about":[{"href":"https:\/\/rnoticias.com.mx\/Portal\/wp-json\/wp\/v2\/types\/post"}],"author":[{"embeddable":true,"href":"https:\/\/rnoticias.com.mx\/Portal\/wp-json\/wp\/v2\/users\/2"}],"replies":[{"embeddable":true,"href":"https:\/\/rnoticias.com.mx\/Portal\/wp-json\/wp\/v2\/comments?post=220914"}],"version-history":[{"count":1,"href":"https:\/\/rnoticias.com.mx\/Portal\/wp-json\/wp\/v2\/posts\/220914\/revisions"}],"predecessor-version":[{"id":220916,"href":"https:\/\/rnoticias.com.mx\/Portal\/wp-json\/wp\/v2\/posts\/220914\/revisions\/220916"}],"wp:featuredmedia":[{"embeddable":true,"href":"https:\/\/rnoticias.com.mx\/Portal\/wp-json\/wp\/v2\/media\/220915"}],"wp:attachment":[{"href":"https:\/\/rnoticias.com.mx\/Portal\/wp-json\/wp\/v2\/media?parent=220914"}],"wp:term":[{"taxonomy":"category","embeddable":true,"href":"https:\/\/rnoticias.com.mx\/Portal\/wp-json\/wp\/v2\/categories?post=220914"},{"taxonomy":"post_tag","embeddable":true,"href":"https:\/\/rnoticias.com.mx\/Portal\/wp-json\/wp\/v2\/tags?post=220914"}],"curies":[{"name":"wp","href":"https:\/\/api.w.org\/{rel}","templated":true}]}}