{"id":220911,"date":"2025-06-08T15:22:14","date_gmt":"2025-06-08T22:22:14","guid":{"rendered":"https:\/\/rnoticias.com.mx\/Portal\/?p=220911"},"modified":"2025-06-08T15:22:14","modified_gmt":"2025-06-08T22:22:14","slug":"capturan-en-hermosillo-a-sujeto-por-maltrato-o-crueldad-contra-el-can-love","status":"publish","type":"post","link":"https:\/\/rnoticias.com.mx\/Portal\/2025\/06\/08\/capturan-en-hermosillo-a-sujeto-por-maltrato-o-crueldad-contra-el-can-love\/","title":{"rendered":"Capturan en Hermosillo a sujeto por maltrato o crueldad contra el can \u201cLove\u201d"},"content":{"rendered":"<p>Hermosillo, Sonora, 8 de junio de 2025.- La Agencia Ministerial de Investigaci\u00f3n Criminal (AMIC) captur\u00f3, con base a orden de aprehensi\u00f3n, a Efra\u00edn \u201cN\u201d, de 60 a\u00f1os, por su probable responsabilidad en el delito de actos de maltrato o crueldad contra los animales, en agravio del canino \u201cLove\u201d, hechos registrados en Hermosillo.<\/p>\n<p>Actos de investigaci\u00f3n establecieron que los hechos se suscitaron el pasado 21 de febrero en la calle N\u00e1cori Grande, colonia Carmen Serd\u00e1n, cuando el imputado arroj\u00f3 envoltorios con carne mezclada con sustancias t\u00f3xicas cerca del canino, despu\u00e9s de que el animal de compa\u00f1\u00eda le estuviera ladrando.<\/p>\n<p>Lo anterior provoc\u00f3 que el canino presentara s\u00edntomas severos de intoxicaci\u00f3n como convulsiones, hipersalivaci\u00f3n, espuma por el hocico y defecaci\u00f3n involuntaria, siendo todo presenciado por la propietaria del animal, Itzel Alejandra \u201cN\u201d.<\/p>\n<p>Las indagatorias determinaron que el imputado actuara con pleno conocimiento del da\u00f1o que causar\u00eda, administrando de forma deliberada sustancias t\u00f3xicas para generar sufrimiento extremo al canino, conducta que encuadra en el delito se\u00f1alado por la ley.<\/p>\n<p>La Fiscal\u00eda General de Justicia del Estado de Sonora (FGJES) reitera su compromiso de actuar con firmeza ante toda conducta que atente contra la vida y el bienestar de los seres vivos, haciendo prevalecer el Estado de Derecho y el respeto a los principios de protecci\u00f3n animal.<\/p>\n","protected":false},"excerpt":{"rendered":"<p>Hermosillo, Sonora, 8 de junio de 2025.- La Agencia Ministerial de Investigaci\u00f3n Criminal (AMIC) captur\u00f3, con base a orden de aprehensi\u00f3n, a Efra\u00edn \u201cN\u201d, de 60 a\u00f1os, por su probable responsabilidad en el delito de actos de maltrato o crueldad contra los animales, en agravio del canino \u201cLove\u201d, hechos registrados en Hermosillo. Actos de investigaci\u00f3n [&hellip;]<\/p>\n","protected":false},"author":2,"featured_media":220912,"comment_status":"closed","ping_status":"closed","sticky":false,"template":"","format":"standard","meta":{"footnotes":""},"categories":[12870,178],"tags":[12865,12869],"class_list":["post-220911","post","type-post","status-publish","format-standard","has-post-thumbnail","hentry","category-destacadas","category-local","tag-destacadas","tag-local"],"jetpack_featured_media_url":"https:\/\/rnoticias.com.mx\/Portal\/wp-content\/uploads\/2025\/06\/4e5cca70-03d6-4b21-a50e-06e626e3c620.jpg","amp_enabled":true,"_links":{"self":[{"href":"https:\/\/rnoticias.com.mx\/Portal\/wp-json\/wp\/v2\/posts\/220911","targetHints":{"allow":["GET"]}}],"collection":[{"href":"https:\/\/rnoticias.com.mx\/Portal\/wp-json\/wp\/v2\/posts"}],"about":[{"href":"https:\/\/rnoticias.com.mx\/Portal\/wp-json\/wp\/v2\/types\/post"}],"author":[{"embeddable":true,"href":"https:\/\/rnoticias.com.mx\/Portal\/wp-json\/wp\/v2\/users\/2"}],"replies":[{"embeddable":true,"href":"https:\/\/rnoticias.com.mx\/Portal\/wp-json\/wp\/v2\/comments?post=220911"}],"version-history":[{"count":1,"href":"https:\/\/rnoticias.com.mx\/Portal\/wp-json\/wp\/v2\/posts\/220911\/revisions"}],"predecessor-version":[{"id":220913,"href":"https:\/\/rnoticias.com.mx\/Portal\/wp-json\/wp\/v2\/posts\/220911\/revisions\/220913"}],"wp:featuredmedia":[{"embeddable":true,"href":"https:\/\/rnoticias.com.mx\/Portal\/wp-json\/wp\/v2\/media\/220912"}],"wp:attachment":[{"href":"https:\/\/rnoticias.com.mx\/Portal\/wp-json\/wp\/v2\/media?parent=220911"}],"wp:term":[{"taxonomy":"category","embeddable":true,"href":"https:\/\/rnoticias.com.mx\/Portal\/wp-json\/wp\/v2\/categories?post=220911"},{"taxonomy":"post_tag","embeddable":true,"href":"https:\/\/rnoticias.com.mx\/Portal\/wp-json\/wp\/v2\/tags?post=220911"}],"curies":[{"name":"wp","href":"https:\/\/api.w.org\/{rel}","templated":true}]}}