{"id":220896,"date":"2025-06-08T14:08:44","date_gmt":"2025-06-08T21:08:44","guid":{"rendered":"https:\/\/rnoticias.com.mx\/Portal\/?p=220896"},"modified":"2025-06-08T14:08:44","modified_gmt":"2025-06-08T21:08:44","slug":"gobernador-durazo-cumple-a-familias-de-la-colonia-arcoiris-con-feria-de-servicios-gratuitos-sonora-atiende","status":"publish","type":"post","link":"https:\/\/rnoticias.com.mx\/Portal\/2025\/06\/08\/gobernador-durazo-cumple-a-familias-de-la-colonia-arcoiris-con-feria-de-servicios-gratuitos-sonora-atiende\/","title":{"rendered":"Gobernador Durazo cumple a familias de la colonia Arcoiris con feria de servicios gratuitos &#8220;Sonora Atiende&#8221;"},"content":{"rendered":"<table class=\"m_-7881155128198923363layout\" border=\"0\" width=\"100%\" cellspacing=\"0\" cellpadding=\"0\">\n<tbody>\n<tr>\n<td class=\"m_-7881155128198923363column m_-7881155128198923363scale m_-7881155128198923363stack\" align=\"center\" valign=\"top\">\n<table class=\"m_-7881155128198923363text\" border=\"0\" width=\"100%\" cellspacing=\"0\" cellpadding=\"0\">\n<tbody>\n<tr>\n<td class=\"m_-7881155128198923363text_content-cell m_-7881155128198923363content-padding-horizontal\" align=\"left\" valign=\"top\">Hermosillo, Sonora; 8 de junio de 2025.- La jornada \u201cSonora Atiende\u201d, impulsada por el gobernador Alfonso Durazo Monta\u00f1o, lleg\u00f3 a la colonia Arcoiris llevando servicios, soluciones y atenci\u00f3n directa gratuita a cientos de familias.<\/p>\n<p>Con la participaci\u00f3n de m\u00e1s de 30 dependencias estatales y federales, el parque Arcoiris se convirti\u00f3 este viernes en un punto de encuentro donde vecinas y vecinos pudieron acceder a tr\u00e1mites y asesor\u00edas en \u00e1reas claves como: salud, bienestar, educaci\u00f3n, becas, registro civil, documentaci\u00f3n oficial, programas para mujeres, j\u00f3venes y adultos mayores, vivienda, empleo, medio ambiente, protecci\u00f3n y bienestar animal.<\/p>\n<p>Uno de los cientos de beneficiados fue Eleazar Millanes, quien asisti\u00f3 a la feria de los servicios para solicitar un acta de nacimiento en el m\u00f3dulo del Registro Civil y una despensa en Atenci\u00f3n Ciudadana.<\/p>\n<p>&#8220;Venimos a ver si registramos a la ni\u00f1a y ya de pasadita ver si nos llevamos una despensa, hay que aprovecharla. Me parece muy c\u00f3modo, muy suave, muy pr\u00e1ctico, ya no tiene uno que ir lejos, aqu\u00ed est\u00e1 todo. Agradecer la facilidad que da. La hora s\u00ed me parece muy bien porque apenas voy llegando de trabajar y queda bien&#8221;, coment\u00f3.<\/p>\n<p>Reyes F\u00e9lix tambi\u00e9n aprovech\u00f3 el m\u00f3dulo del Registro Civil y el de Bienestar Animal para vacunar a su mascota.<\/p>\n<p>&#8220;Venimos a sacar un acta y a vacunar al perrito tambi\u00e9n. Me parece muy bueno y a todos nos apoyan tambi\u00e9n. Muchas gracias por apoyarnos, as\u00ed alivianan a mucha gente&#8221;, destac\u00f3.<\/p>\n<p>Karla \u00c1lvarez se acerc\u00f3 al m\u00f3dulo de Bienestar Animal para solicitar informaci\u00f3n<\/p>\n<p>&#8220;Ven\u00eda buscando informaci\u00f3n para los gatos. Y pues ya me qued\u00e9 aqu\u00ed en las despensas. Est\u00e1 muy padre porque ya nos acerca todo y no tenemos que andar dando vueltas. Muchas gracias y que ojal\u00e1 se siga implementando&#8221;, manifest\u00f3.<\/p>\n<p>La jornada permiti\u00f3 a las personas ahorrar tiempo, dinero y traslados, al ofrecer en un solo lugar servicios que normalmente requieren de atenci\u00f3n en oficinas. En la feria, funcionarios y servidores p\u00fablicos atendieron a las y los asistentes con respeto y eficiencia.<\/p>\n<p>La feria cont\u00f3 con la presencia de diversas autoridades que dialogaron directamente con la ciudadan\u00eda, entre ellas: Paulina Oca\u00f1a, jefa de la Oficina del Ejecutivo Estatal; David Mendoza Rivas, coordinador general del CECOP, as\u00ed como servidoras y servidores p\u00fablicos que atendieron a las y los asistentes.<\/td>\n<\/tr>\n<\/tbody>\n<\/table>\n<\/td>\n<\/tr>\n<\/tbody>\n<\/table>\n<table class=\"m_-7881155128198923363layout\" border=\"0\" width=\"100%\" cellspacing=\"0\" cellpadding=\"0\">\n<tbody>\n<tr>\n<td class=\"m_-7881155128198923363column m_-7881155128198923363scale m_-7881155128198923363stack\" align=\"center\" valign=\"top\">\n<table border=\"0\" width=\"100%\" cellspacing=\"0\" cellpadding=\"0\">\n<tbody>\n<tr>\n<td class=\"m_-7881155128198923363content-padding-horizontal\" align=\"center\"><\/td>\n<\/tr>\n<\/tbody>\n<\/table>\n<\/td>\n<\/tr>\n<\/tbody>\n<\/table>\n","protected":false},"excerpt":{"rendered":"<p>Hermosillo, Sonora; 8 de junio de 2025.- La jornada \u201cSonora Atiende\u201d, impulsada por el gobernador Alfonso Durazo Monta\u00f1o, lleg\u00f3 a la colonia Arcoiris llevando servicios, soluciones y atenci\u00f3n directa gratuita a cientos de familias. Con la participaci\u00f3n de m\u00e1s de 30 dependencias estatales y federales, el parque Arcoiris se convirti\u00f3 este viernes en un punto [&hellip;]<\/p>\n","protected":false},"author":2,"featured_media":220897,"comment_status":"closed","ping_status":"closed","sticky":false,"template":"","format":"standard","meta":{"footnotes":""},"categories":[12870,178],"tags":[12865,12869],"class_list":["post-220896","post","type-post","status-publish","format-standard","has-post-thumbnail","hentry","category-destacadas","category-local","tag-destacadas","tag-local"],"jetpack_featured_media_url":"https:\/\/rnoticias.com.mx\/Portal\/wp-content\/uploads\/2025\/06\/unnamed-26.jpg","amp_enabled":true,"_links":{"self":[{"href":"https:\/\/rnoticias.com.mx\/Portal\/wp-json\/wp\/v2\/posts\/220896","targetHints":{"allow":["GET"]}}],"collection":[{"href":"https:\/\/rnoticias.com.mx\/Portal\/wp-json\/wp\/v2\/posts"}],"about":[{"href":"https:\/\/rnoticias.com.mx\/Portal\/wp-json\/wp\/v2\/types\/post"}],"author":[{"embeddable":true,"href":"https:\/\/rnoticias.com.mx\/Portal\/wp-json\/wp\/v2\/users\/2"}],"replies":[{"embeddable":true,"href":"https:\/\/rnoticias.com.mx\/Portal\/wp-json\/wp\/v2\/comments?post=220896"}],"version-history":[{"count":1,"href":"https:\/\/rnoticias.com.mx\/Portal\/wp-json\/wp\/v2\/posts\/220896\/revisions"}],"predecessor-version":[{"id":220898,"href":"https:\/\/rnoticias.com.mx\/Portal\/wp-json\/wp\/v2\/posts\/220896\/revisions\/220898"}],"wp:featuredmedia":[{"embeddable":true,"href":"https:\/\/rnoticias.com.mx\/Portal\/wp-json\/wp\/v2\/media\/220897"}],"wp:attachment":[{"href":"https:\/\/rnoticias.com.mx\/Portal\/wp-json\/wp\/v2\/media?parent=220896"}],"wp:term":[{"taxonomy":"category","embeddable":true,"href":"https:\/\/rnoticias.com.mx\/Portal\/wp-json\/wp\/v2\/categories?post=220896"},{"taxonomy":"post_tag","embeddable":true,"href":"https:\/\/rnoticias.com.mx\/Portal\/wp-json\/wp\/v2\/tags?post=220896"}],"curies":[{"name":"wp","href":"https:\/\/api.w.org\/{rel}","templated":true}]}}