{"id":220893,"date":"2025-06-08T14:05:40","date_gmt":"2025-06-08T21:05:40","guid":{"rendered":"https:\/\/rnoticias.com.mx\/Portal\/?p=220893"},"modified":"2025-06-08T14:05:40","modified_gmt":"2025-06-08T21:05:40","slug":"ya-estan-abiertas-a-los-usuarios-seis-paradas-de-camion-refrigeradas-del-gobierno-de-hermosillo","status":"publish","type":"post","link":"https:\/\/rnoticias.com.mx\/Portal\/2025\/06\/08\/ya-estan-abiertas-a-los-usuarios-seis-paradas-de-camion-refrigeradas-del-gobierno-de-hermosillo\/","title":{"rendered":"Ya est\u00e1n abiertas a los usuarios seis paradas de cami\u00f3n refrigeradas del Gobierno de Hermosillo"},"content":{"rendered":"<p>Hermosillo, Sonora; 8 de junio, 2025.- C\u00f3modas, seguras y sustentables para beneficio de los usuarios, son las paradas de cami\u00f3n refrigeradas que apertur\u00f3 el Gobierno de Hermosillo en seis puntos de la ciudad.<\/p>\n<p>La directora de la Direcci\u00f3n de Desarrollo de Infraestructura, Astart\u00e9 Corro Ruiz precis\u00f3 que est\u00e1s innovadoras instalaciones funcionan con paneles solares, cuentan con aire acondicionado y rack para cargar celulares con entrada USB y tipo C, c\u00e1mara de vigilancia, adem\u00e1s de una pantalla en la que se mostrar\u00e1 la ubicaci\u00f3n de las rutas de los camiones.<\/p>\n<p>Las ubicaciones son en la calle Pino Su\u00e1rez, entre Monterrey y Plutarco El\u00edas Calles; Jos\u00e9 Mar\u00eda Morelos, entre Calle Ponciano Arriaga e Ignacio Mariscal; Luis Encinas esquina con calle Ures; Solidaridad, entre Calle Bamoa y Los Mochis; Colosio, entre bulevar Las Quintas y Solidaridad; y en Soriana Progreso, en Progreso y Solidaridad.<\/p>\n<p>Corro Ruiz coment\u00f3 que por instrucciones del presidente municipal Antonio Astiazar\u00e1n Guti\u00e9rrez, se realiz\u00f3 este proyecto para ofrecer a las y los hermosillenses un entorno seguro y c\u00f3modo al desplazarse en la ciudad.<\/p>\n<p>Hizo un llamado a la poblaci\u00f3n en general para cuidar las casetas y reportar cualquier situaci\u00f3n que observen al 911 para preservar las instalaciones en buen estado y que puedan seguir siendo un entorno confortable mientras esperan la ruta de transporte que los llevar\u00e1 hacia su destino.<\/p>\n","protected":false},"excerpt":{"rendered":"<p>Hermosillo, Sonora; 8 de junio, 2025.- C\u00f3modas, seguras y sustentables para beneficio de los usuarios, son las paradas de cami\u00f3n refrigeradas que apertur\u00f3 el Gobierno de Hermosillo en seis puntos de la ciudad. La directora de la Direcci\u00f3n de Desarrollo de Infraestructura, Astart\u00e9 Corro Ruiz precis\u00f3 que est\u00e1s innovadoras instalaciones funcionan con paneles solares, cuentan [&hellip;]<\/p>\n","protected":false},"author":2,"featured_media":220894,"comment_status":"closed","ping_status":"closed","sticky":false,"template":"","format":"standard","meta":{"footnotes":""},"categories":[12870,178],"tags":[12865,12869],"class_list":["post-220893","post","type-post","status-publish","format-standard","has-post-thumbnail","hentry","category-destacadas","category-local","tag-destacadas","tag-local"],"jetpack_featured_media_url":"https:\/\/rnoticias.com.mx\/Portal\/wp-content\/uploads\/2025\/06\/c9e091e5-6268-4c6c-90cb-bd2238ca08cb.jpg","amp_enabled":true,"_links":{"self":[{"href":"https:\/\/rnoticias.com.mx\/Portal\/wp-json\/wp\/v2\/posts\/220893","targetHints":{"allow":["GET"]}}],"collection":[{"href":"https:\/\/rnoticias.com.mx\/Portal\/wp-json\/wp\/v2\/posts"}],"about":[{"href":"https:\/\/rnoticias.com.mx\/Portal\/wp-json\/wp\/v2\/types\/post"}],"author":[{"embeddable":true,"href":"https:\/\/rnoticias.com.mx\/Portal\/wp-json\/wp\/v2\/users\/2"}],"replies":[{"embeddable":true,"href":"https:\/\/rnoticias.com.mx\/Portal\/wp-json\/wp\/v2\/comments?post=220893"}],"version-history":[{"count":1,"href":"https:\/\/rnoticias.com.mx\/Portal\/wp-json\/wp\/v2\/posts\/220893\/revisions"}],"predecessor-version":[{"id":220895,"href":"https:\/\/rnoticias.com.mx\/Portal\/wp-json\/wp\/v2\/posts\/220893\/revisions\/220895"}],"wp:featuredmedia":[{"embeddable":true,"href":"https:\/\/rnoticias.com.mx\/Portal\/wp-json\/wp\/v2\/media\/220894"}],"wp:attachment":[{"href":"https:\/\/rnoticias.com.mx\/Portal\/wp-json\/wp\/v2\/media?parent=220893"}],"wp:term":[{"taxonomy":"category","embeddable":true,"href":"https:\/\/rnoticias.com.mx\/Portal\/wp-json\/wp\/v2\/categories?post=220893"},{"taxonomy":"post_tag","embeddable":true,"href":"https:\/\/rnoticias.com.mx\/Portal\/wp-json\/wp\/v2\/tags?post=220893"}],"curies":[{"name":"wp","href":"https:\/\/api.w.org\/{rel}","templated":true}]}}