{"id":220890,"date":"2025-06-08T14:03:37","date_gmt":"2025-06-08T21:03:37","guid":{"rendered":"https:\/\/rnoticias.com.mx\/Portal\/?p=220890"},"modified":"2025-06-08T14:03:37","modified_gmt":"2025-06-08T21:03:37","slug":"reconoce-gobierno-de-hermosillo-a-ganadores-del-concurso-infantil-mi-dibujo-solar","status":"publish","type":"post","link":"https:\/\/rnoticias.com.mx\/Portal\/2025\/06\/08\/reconoce-gobierno-de-hermosillo-a-ganadores-del-concurso-infantil-mi-dibujo-solar\/","title":{"rendered":"Reconoce Gobierno de Hermosillo a ganadores del concurso infantil \u201cMi Dibujo Solar\u201d"},"content":{"rendered":"<p>Hermosillo, Sonora; 8 de junio, 2025.- Con una gran respuesta de 134 dibujos de ni\u00f1as y ni\u00f1os, quienes expresaron gr\u00e1ficamente sobre c\u00f3mo la energ\u00eda del sol puede ayudar a mejorar el medio ambiente, se reconocieron a las mejores ideas del concurso &#8220;Mi Dibujo Solar&#8221;.<\/p>\n<p>En el marco del D\u00eda Mundial del Medio Ambiente, Carla Neudert C\u00f3rdova, directora de la Agencia Municipal de Energ\u00eda y Cambio Clim\u00e1tico acompa\u00f1ada de Lizette Salazar L\u00f3pez, Directora de la Familia de DIF Hermosillo reconoci\u00f3 a los mejores de las tres categor\u00edas participantes.<\/p>\n<p>El evento coordinado entre la Agencia de Energ\u00eda y DIF Hermosillo incentiv\u00f3 la imaginaci\u00f3n, la creatividad y la conciencia sobre el aprovechamiento de la radiaci\u00f3n solar como opci\u00f3n energ\u00e9tica limpia y sostenible.<\/p>\n<p>Las categor\u00edas fueron de los 5 a los 8 a\u00f1os; de los 9 a los 11 a\u00f1os y de los 12 a los 14 a\u00f1os, d\u00f3nde se reconoci\u00f3 a los cinco mejores de cada una.<\/p>\n<p>Entregaron un reconocimiento especial a las escuelas con mayor n\u00famero de participantes: Primaria Nuevos Horizontes, Primaria Jos\u00e9 Lafontaine, Primaria Humberto Villela Lugo y Margarita Romand\u00eda de M\u00e9ndez.<\/p>\n<p>Los trabajos ganadores se mostraron en una exposici\u00f3n abierta al p\u00fablico en el Parque Madero, adem\u00e1s de que las ni\u00f1as y ni\u00f1os disfrutaron de un recorrido por lugares ic\u00f3nicos de la ciudad a bordo de uno de los camiones el\u00e9ctricos del sistema H Bus, en compa\u00f1\u00eda de sus tutores y tutoras.<\/p>\n<p>Categor\u00eda A:<br \/>\n1. Antonio, escuela Gustavo Adolfo Uruchurtu<br \/>\n2. Luciana, escuela Profesor Jos\u00e9 Lafontaine<br \/>\n3. Adriana, Colegio Mu\u00f1oz<br \/>\n4. Juan, escuela Margarita Romand\u00eda de M\u00e9ndez<br \/>\n5. Abril, escuela Profesor Jos\u00e9 Lafontaine<\/p>\n<p>Categor\u00eda B:<br \/>\n1. Alice, escuela Nuevos Horizontes<br \/>\n2. Diana, escuela Nuevos Horizontes<br \/>\n3. Rebeca, escuela Nuevos Horizontes<br \/>\n4. Lizbeth, escuela Profesor Jos\u00e9 Lafontaine<br \/>\n5. Tania, escuela Humberto Villela Lugo<\/p>\n<p>Categor\u00eda C:<br \/>\n1. Germ\u00e1n, escuela Profesor Jos\u00e9 Lafontaine<br \/>\n2. Israel, escuela Profesor Jos\u00e9 Lafontaine<br \/>\n3. Jorge, escuela Rosalio Enrique Moreno<br \/>\n4. Dilbert, escuela Rosalio Enrique Moreno<br \/>\n5. Ivette, escuela Margarita Romand\u00eda de M\u00e9ndez<\/p>\n","protected":false},"excerpt":{"rendered":"<p>Hermosillo, Sonora; 8 de junio, 2025.- Con una gran respuesta de 134 dibujos de ni\u00f1as y ni\u00f1os, quienes expresaron gr\u00e1ficamente sobre c\u00f3mo la energ\u00eda del sol puede ayudar a mejorar el medio ambiente, se reconocieron a las mejores ideas del concurso &#8220;Mi Dibujo Solar&#8221;. En el marco del D\u00eda Mundial del Medio Ambiente, Carla Neudert [&hellip;]<\/p>\n","protected":false},"author":2,"featured_media":220891,"comment_status":"closed","ping_status":"closed","sticky":false,"template":"","format":"standard","meta":{"footnotes":""},"categories":[12870,178],"tags":[12865,12869],"class_list":["post-220890","post","type-post","status-publish","format-standard","has-post-thumbnail","hentry","category-destacadas","category-local","tag-destacadas","tag-local"],"jetpack_featured_media_url":"https:\/\/rnoticias.com.mx\/Portal\/wp-content\/uploads\/2025\/06\/41ff989a-167d-4610-a402-737b2561d80b.jpg","amp_enabled":true,"_links":{"self":[{"href":"https:\/\/rnoticias.com.mx\/Portal\/wp-json\/wp\/v2\/posts\/220890","targetHints":{"allow":["GET"]}}],"collection":[{"href":"https:\/\/rnoticias.com.mx\/Portal\/wp-json\/wp\/v2\/posts"}],"about":[{"href":"https:\/\/rnoticias.com.mx\/Portal\/wp-json\/wp\/v2\/types\/post"}],"author":[{"embeddable":true,"href":"https:\/\/rnoticias.com.mx\/Portal\/wp-json\/wp\/v2\/users\/2"}],"replies":[{"embeddable":true,"href":"https:\/\/rnoticias.com.mx\/Portal\/wp-json\/wp\/v2\/comments?post=220890"}],"version-history":[{"count":1,"href":"https:\/\/rnoticias.com.mx\/Portal\/wp-json\/wp\/v2\/posts\/220890\/revisions"}],"predecessor-version":[{"id":220892,"href":"https:\/\/rnoticias.com.mx\/Portal\/wp-json\/wp\/v2\/posts\/220890\/revisions\/220892"}],"wp:featuredmedia":[{"embeddable":true,"href":"https:\/\/rnoticias.com.mx\/Portal\/wp-json\/wp\/v2\/media\/220891"}],"wp:attachment":[{"href":"https:\/\/rnoticias.com.mx\/Portal\/wp-json\/wp\/v2\/media?parent=220890"}],"wp:term":[{"taxonomy":"category","embeddable":true,"href":"https:\/\/rnoticias.com.mx\/Portal\/wp-json\/wp\/v2\/categories?post=220890"},{"taxonomy":"post_tag","embeddable":true,"href":"https:\/\/rnoticias.com.mx\/Portal\/wp-json\/wp\/v2\/tags?post=220890"}],"curies":[{"name":"wp","href":"https:\/\/api.w.org\/{rel}","templated":true}]}}