{"id":220847,"date":"2025-06-07T11:35:28","date_gmt":"2025-06-07T18:35:28","guid":{"rendered":"https:\/\/rnoticias.com.mx\/Portal\/?p=220847"},"modified":"2025-06-07T11:35:28","modified_gmt":"2025-06-07T18:35:28","slug":"no-revocaran-las-visas-actuales-a-paises-vetados","status":"publish","type":"post","link":"https:\/\/rnoticias.com.mx\/Portal\/2025\/06\/07\/no-revocaran-las-visas-actuales-a-paises-vetados\/","title":{"rendered":"No revocar\u00e1n las visas actuales a pa\u00edses vetados"},"content":{"rendered":"<p>El Departamento de Estado de Estados Unidos instruy\u00f3 el viernes a sus embajadas y consulados que no revoquen las visas previamente emitidas a personas de 12 pa\u00edses afectados por el veto del presidente Donald Trump, el cual entrar\u00e1 en vigor la pr\u00f3xima semana.<\/p>\n<p>En un cable enviado a todas las misiones diplom\u00e1ticas de Estados Unidos, el departamento indic\u00f3 que \u201cno se debe tomar ninguna acci\u00f3n respecto a las visas emitidas que ya han salido de la secci\u00f3n consular\u201d y que\u00a0<strong><em>\u201cninguna visa emitida antes de la fecha de entrada en vigor debe ser revocada conforme a esta proclama\u201d.<\/em><\/strong><\/p>\n<p>Sin embargo, las visas de los pa\u00edses afectados cuyas solicitudes han sido aprobadas pero que a\u00fan no han recibido sus visas ser\u00e1n denegadas, seg\u00fan el cable, que fue firmado por el secretario de Estado, Marco Rubio.<\/p>\n<div id=\"eldia-2701960679\" class=\"eldia-contenido eldia-target\" data-eldia-trackid=\"1573641\" data-eldia-trackbid=\"1\"><\/div>\n<p>Y, a menos que un solicitante cumpla con criterios estrictos para una exenci\u00f3n al veto, su solicitud ser\u00e1 rechazada a partir del lunes.<\/p>\n<p>Aun as\u00ed, el cable, del cual obtuvo una copia, indica que no deber\u00eda haber problema para los actuales titulares de visas de los pa\u00edses afectados al ingresar a Estados Unidos despu\u00e9s de que las restricciones entren en vigor el 9 de junio.<\/p>\n<h2 class=\"wp-block-heading\">Primera orden<\/h2>\n<p>Durante el primer mandato de Trump, una orden ejecutiva que ordenaba la denegaci\u00f3n de entrada a ciudadanos de pa\u00edses principalmente musulmanes cre\u00f3 caos en numerosos aeropuertos y otros puertos de entrada, lo que provoc\u00f3 impugnaciones legales exitosas y revisiones importantes a dicha pol\u00edtica.<\/p>\n<div class=\"stream-item stream-item-in-post stream-item-inline-post aligncenter\">\n<div class=\"stream-item-size\"><\/div>\n<\/div>\n<p>La nueva proclama, que Trump firm\u00f3 el mi\u00e9rcoles, parece dise\u00f1ada para superar cualquier desaf\u00edo judicial al centrarse en el proceso de solicitud de visa.<\/p>\n<p>&nbsp;<\/p>\n<p>AP<\/p>\n","protected":false},"excerpt":{"rendered":"<p>El Departamento de Estado de Estados Unidos instruy\u00f3 el viernes a sus embajadas y consulados que no revoquen las visas previamente emitidas a personas de 12 pa\u00edses afectados por el veto del presidente Donald Trump, el cual entrar\u00e1 en vigor la pr\u00f3xima semana. En un cable enviado a todas las misiones diplom\u00e1ticas de Estados Unidos, [&hellip;]<\/p>\n","protected":false},"author":2,"featured_media":220848,"comment_status":"closed","ping_status":"closed","sticky":false,"template":"","format":"standard","meta":{"footnotes":""},"categories":[12870,182],"tags":[12865,12871],"class_list":["post-220847","post","type-post","status-publish","format-standard","has-post-thumbnail","hentry","category-destacadas","category-internacional","tag-destacadas","tag-internacional"],"jetpack_featured_media_url":"https:\/\/rnoticias.com.mx\/Portal\/wp-content\/uploads\/2025\/06\/6412330b9ce12.webp","amp_enabled":true,"_links":{"self":[{"href":"https:\/\/rnoticias.com.mx\/Portal\/wp-json\/wp\/v2\/posts\/220847","targetHints":{"allow":["GET"]}}],"collection":[{"href":"https:\/\/rnoticias.com.mx\/Portal\/wp-json\/wp\/v2\/posts"}],"about":[{"href":"https:\/\/rnoticias.com.mx\/Portal\/wp-json\/wp\/v2\/types\/post"}],"author":[{"embeddable":true,"href":"https:\/\/rnoticias.com.mx\/Portal\/wp-json\/wp\/v2\/users\/2"}],"replies":[{"embeddable":true,"href":"https:\/\/rnoticias.com.mx\/Portal\/wp-json\/wp\/v2\/comments?post=220847"}],"version-history":[{"count":1,"href":"https:\/\/rnoticias.com.mx\/Portal\/wp-json\/wp\/v2\/posts\/220847\/revisions"}],"predecessor-version":[{"id":220849,"href":"https:\/\/rnoticias.com.mx\/Portal\/wp-json\/wp\/v2\/posts\/220847\/revisions\/220849"}],"wp:featuredmedia":[{"embeddable":true,"href":"https:\/\/rnoticias.com.mx\/Portal\/wp-json\/wp\/v2\/media\/220848"}],"wp:attachment":[{"href":"https:\/\/rnoticias.com.mx\/Portal\/wp-json\/wp\/v2\/media?parent=220847"}],"wp:term":[{"taxonomy":"category","embeddable":true,"href":"https:\/\/rnoticias.com.mx\/Portal\/wp-json\/wp\/v2\/categories?post=220847"},{"taxonomy":"post_tag","embeddable":true,"href":"https:\/\/rnoticias.com.mx\/Portal\/wp-json\/wp\/v2\/tags?post=220847"}],"curies":[{"name":"wp","href":"https:\/\/api.w.org\/{rel}","templated":true}]}}