{"id":220841,"date":"2025-06-07T11:32:41","date_gmt":"2025-06-07T18:32:41","guid":{"rendered":"https:\/\/rnoticias.com.mx\/Portal\/?p=220841"},"modified":"2025-06-07T11:32:41","modified_gmt":"2025-06-07T18:32:41","slug":"alegres-del-barranco-rechazan-acusaciones-de-la-fiscalia-de-jalisco","status":"publish","type":"post","link":"https:\/\/rnoticias.com.mx\/Portal\/2025\/06\/07\/alegres-del-barranco-rechazan-acusaciones-de-la-fiscalia-de-jalisco\/","title":{"rendered":"Alegres del Barranco rechazan acusaciones de la Fiscal\u00eda de Jalisco"},"content":{"rendered":"<p>Despu\u00e9s de que la Fiscal\u00eda de Jalisco afirmara que congel\u00f3\u00a0<strong>5.8 millones de pesos<\/strong>\u00a0a la agrupaci\u00f3n\u00a0<strong><em>\u201cLos Alegres del Barranco\u201d\u00a0<\/em><\/strong>por considerar que podr\u00edan ser producto de una actividad il\u00edcita, los integrantes del conjunto musical negaron esa acusaci\u00f3n y aseguraron que sus cuentas bancarias siguen funcionando.<\/p>\n<p>El pasado jueves el vicefiscal especial ejecutivo de Investigaci\u00f3n Criminal, Alfonso Guti\u00e9rrez Santill\u00e1n, explic\u00f3 que se abri\u00f3 una nueva investigaci\u00f3n contra la agrupaci\u00f3n por considerar que los 5.8 millones de pesos que los m\u00fasicos obtuvieron como ganancia tras su presentaci\u00f3n del 29 de marzo pasado en el Auditorio Telmex, en Zapopan, pueden considerarse como producto de una actividad il\u00edcita, ya que los artistas est\u00e1n vinculados a proceso por, presuntamente, haber cometido apolog\u00eda del delito durante ese concierto.<\/p>\n<p>En respuesta, \u201cLos Alegres del Barranco\u201d emitieron un comunicado en el que afirman que nunca han recibido dinero de procedencia il\u00edcita:<strong><em>\u00a0\u201cNosotros cantamos historias de la gente en general, ayer y hoy, somos y seremos aliados de la sociedad y respetuosos de la ley. Nosotros no recibimos nunca, nunca, dinero il\u00edcito, nuestros contratos respaldan nuestro dicho\u201d.<\/em><\/strong><\/p>\n<div id=\"eldia-2424314502\" class=\"eldia-contenido eldia-target\" data-eldia-trackid=\"1573641\" data-eldia-trackbid=\"1\"><\/div>\n<p>Se\u00f1alaron que el empresario que los contrat\u00f3 para actuar en el Auditorio Telmex dar\u00e1 en su momento su versi\u00f3n y defender\u00e1 su derecho a trabajar de forma l\u00edcita para obtener ganancias.<\/p>\n<p><strong><em>\u201cEn cuanto a nuestros ingresos econ\u00f3micos queremos manifestar que no tenemos ning\u00fan se\u00f1alamiento ni embargo en el manejo de nuestras cuentas bancarias. Ni como empresa, ni como personas f\u00edsicas como ha trascendido en algunos medios de comunicaci\u00f3n\u201d,\u00a0<\/em><\/strong>indic\u00f3 la agrupaci\u00f3n.<\/p>\n<p>Finalmente, el grupo reiter\u00f3 su disposici\u00f3n a cooperar con las autoridades cuando sea requerido.<\/p>\n<p>&nbsp;<\/p>\n<p>El Universal<\/p>\n","protected":false},"excerpt":{"rendered":"<p>Despu\u00e9s de que la Fiscal\u00eda de Jalisco afirmara que congel\u00f3\u00a05.8 millones de pesos\u00a0a la agrupaci\u00f3n\u00a0\u201cLos Alegres del Barranco\u201d\u00a0por considerar que podr\u00edan ser producto de una actividad il\u00edcita, los integrantes del conjunto musical negaron esa acusaci\u00f3n y aseguraron que sus cuentas bancarias siguen funcionando. El pasado jueves el vicefiscal especial ejecutivo de Investigaci\u00f3n Criminal, Alfonso Guti\u00e9rrez [&hellip;]<\/p>\n","protected":false},"author":2,"featured_media":220842,"comment_status":"closed","ping_status":"closed","sticky":false,"template":"","format":"standard","meta":{"footnotes":""},"categories":[12870,219],"tags":[12865,12875],"class_list":["post-220841","post","type-post","status-publish","format-standard","has-post-thumbnail","hentry","category-destacadas","category-espectaculos","tag-destacadas","tag-espectaculos"],"jetpack_featured_media_url":"https:\/\/rnoticias.com.mx\/Portal\/wp-content\/uploads\/2025\/06\/los-alegres-del-barranco-ace773cd-focus-0.2-0.53-1479-828.webp","amp_enabled":true,"_links":{"self":[{"href":"https:\/\/rnoticias.com.mx\/Portal\/wp-json\/wp\/v2\/posts\/220841","targetHints":{"allow":["GET"]}}],"collection":[{"href":"https:\/\/rnoticias.com.mx\/Portal\/wp-json\/wp\/v2\/posts"}],"about":[{"href":"https:\/\/rnoticias.com.mx\/Portal\/wp-json\/wp\/v2\/types\/post"}],"author":[{"embeddable":true,"href":"https:\/\/rnoticias.com.mx\/Portal\/wp-json\/wp\/v2\/users\/2"}],"replies":[{"embeddable":true,"href":"https:\/\/rnoticias.com.mx\/Portal\/wp-json\/wp\/v2\/comments?post=220841"}],"version-history":[{"count":1,"href":"https:\/\/rnoticias.com.mx\/Portal\/wp-json\/wp\/v2\/posts\/220841\/revisions"}],"predecessor-version":[{"id":220843,"href":"https:\/\/rnoticias.com.mx\/Portal\/wp-json\/wp\/v2\/posts\/220841\/revisions\/220843"}],"wp:featuredmedia":[{"embeddable":true,"href":"https:\/\/rnoticias.com.mx\/Portal\/wp-json\/wp\/v2\/media\/220842"}],"wp:attachment":[{"href":"https:\/\/rnoticias.com.mx\/Portal\/wp-json\/wp\/v2\/media?parent=220841"}],"wp:term":[{"taxonomy":"category","embeddable":true,"href":"https:\/\/rnoticias.com.mx\/Portal\/wp-json\/wp\/v2\/categories?post=220841"},{"taxonomy":"post_tag","embeddable":true,"href":"https:\/\/rnoticias.com.mx\/Portal\/wp-json\/wp\/v2\/tags?post=220841"}],"curies":[{"name":"wp","href":"https:\/\/api.w.org\/{rel}","templated":true}]}}