{"id":220838,"date":"2025-06-07T11:31:21","date_gmt":"2025-06-07T18:31:21","guid":{"rendered":"https:\/\/rnoticias.com.mx\/Portal\/?p=220838"},"modified":"2025-06-07T11:31:21","modified_gmt":"2025-06-07T18:31:21","slug":"trasladan-a-pablo-lyle-a-una-prision-de-menor-seguridad","status":"publish","type":"post","link":"https:\/\/rnoticias.com.mx\/Portal\/2025\/06\/07\/trasladan-a-pablo-lyle-a-una-prision-de-menor-seguridad\/","title":{"rendered":"Trasladan a Pablo Lyle a una prisi\u00f3n de menor seguridad"},"content":{"rendered":"<p>Buenas noticias para\u00a0<strong>Pablo Lyle<\/strong>, el actor, que cumple una condena por homicidio involuntario en Estados Unidos desde 2022, fue reubicado en una prisi\u00f3n al Sur de Miami, Florida, una prisi\u00f3n de menor seguridad, lo que significar\u00eda, seg\u00fan expertos en leyes, que le queda un a\u00f1o m\u00e1ximo para salir de prisi\u00f3n.<\/p>\n<p>La vida del actor de telenovelas como\u00a0<strong><em>\u201cMi adorable maldici\u00f3n\u201d, \u201cCoraz\u00f3n que miente\u201d y \u201cLa sombra del pasado\u201d<\/em><\/strong>\u00a0cambi\u00f3 el 31 de marzo de 2019, cuando protagoniz\u00f3 un altercado vial con Juan Ricardo Hern\u00e1ndez, de 63 a\u00f1os, durante la discusi\u00f3n,\u00a0<strong>Lyle golpe\u00f3 a Hern\u00e1ndez en el rostro, lo que lo dej\u00f3 inconsciente.<\/strong><\/p>\n<p>Cuatro d\u00edas despu\u00e9s, Hern\u00e1ndez falleci\u00f3 en el hospital a causa de un traumatismo en la cabeza derivado del golpe recibido; a Pablo le impusieron una fianza de\u00a0<strong>50 mil d\u00f3lares<\/strong>\u00a0y fue sometido a arresto domiciliario, le retiraron el pasaporte y le colocaron un grillete localizador.<\/p>\n<div id=\"eldia-2600176932\" class=\"eldia-contenido eldia-target\" data-eldia-trackid=\"1573641\" data-eldia-trackbid=\"1\"><\/div>\n<p>En octubre de\u00a0<strong>2022\u00a0<\/strong>el jurado lo declar\u00f3 culpable de homicidio involuntario y fue sentenciado a 13 a\u00f1os: 5 a\u00f1os de prisi\u00f3n, 8 a\u00f1os de libertad condicional y 100 horas de servicio comunitario y clases de manejo de ira.<\/p>\n<h2 class=\"wp-block-heading\">Pablo Lyle, cerca de obtener su libertad<\/h2>\n<p>Cuando el actor fue condenado lo trasladaron al Centro de Detenci\u00f3n del condado de Miami-Dade y posteriormente al\u00a0<strong>Centro Correcional Turner Guilford Knight.<\/strong><\/p>\n<p>Actualmente est\u00e1 en el Everglades Correctional Institution, una prisi\u00f3n estatal de menor seguridad en Miami, lo que sugiere, seg\u00fan expertos, que est\u00e1 cerca de cumplir su sentencia y podr\u00eda salir de prisi\u00f3n en menos de un a\u00f1o; enfrentar\u00eda un proceso migratorio tras su liberaci\u00f3n.<\/p>\n<div class=\"stream-item stream-item-in-post stream-item-inline-post aligncenter\">\n<div class=\"stream-item-size\"><\/div>\n<\/div>\n<p>De acuerdo con T<strong>elevisa Espect\u00e1culos, el actor disfruta de mejores condiciones y m\u00e1s libertad, por ejemplo, puede utilizar una laptop con aplicaciones autorizadas, actividades al aire libre, gimnasio y la posibilidad de continuar sus estudios en leyes.<\/strong><\/p>\n<p>Cuando el actor de 38 a\u00f1os recobre su libertad podr\u00eda regresar a la actuaci\u00f3n, pues el productor Juan Osorio dijo que le dar\u00eda trabajo en una telenovela.<\/p>\n<p>&nbsp;<\/p>\n<p>El Universal<\/p>\n","protected":false},"excerpt":{"rendered":"<p>Buenas noticias para\u00a0Pablo Lyle, el actor, que cumple una condena por homicidio involuntario en Estados Unidos desde 2022, fue reubicado en una prisi\u00f3n al Sur de Miami, Florida, una prisi\u00f3n de menor seguridad, lo que significar\u00eda, seg\u00fan expertos en leyes, que le queda un a\u00f1o m\u00e1ximo para salir de prisi\u00f3n. La vida del actor de [&hellip;]<\/p>\n","protected":false},"author":2,"featured_media":220839,"comment_status":"closed","ping_status":"closed","sticky":false,"template":"","format":"standard","meta":{"footnotes":""},"categories":[12870,219],"tags":[12865,12875],"class_list":["post-220838","post","type-post","status-publish","format-standard","has-post-thumbnail","hentry","category-destacadas","category-espectaculos","tag-destacadas","tag-espectaculos"],"jetpack_featured_media_url":"https:\/\/rnoticias.com.mx\/Portal\/wp-content\/uploads\/2025\/06\/ImageTransformer.jpg","amp_enabled":true,"_links":{"self":[{"href":"https:\/\/rnoticias.com.mx\/Portal\/wp-json\/wp\/v2\/posts\/220838","targetHints":{"allow":["GET"]}}],"collection":[{"href":"https:\/\/rnoticias.com.mx\/Portal\/wp-json\/wp\/v2\/posts"}],"about":[{"href":"https:\/\/rnoticias.com.mx\/Portal\/wp-json\/wp\/v2\/types\/post"}],"author":[{"embeddable":true,"href":"https:\/\/rnoticias.com.mx\/Portal\/wp-json\/wp\/v2\/users\/2"}],"replies":[{"embeddable":true,"href":"https:\/\/rnoticias.com.mx\/Portal\/wp-json\/wp\/v2\/comments?post=220838"}],"version-history":[{"count":1,"href":"https:\/\/rnoticias.com.mx\/Portal\/wp-json\/wp\/v2\/posts\/220838\/revisions"}],"predecessor-version":[{"id":220840,"href":"https:\/\/rnoticias.com.mx\/Portal\/wp-json\/wp\/v2\/posts\/220838\/revisions\/220840"}],"wp:featuredmedia":[{"embeddable":true,"href":"https:\/\/rnoticias.com.mx\/Portal\/wp-json\/wp\/v2\/media\/220839"}],"wp:attachment":[{"href":"https:\/\/rnoticias.com.mx\/Portal\/wp-json\/wp\/v2\/media?parent=220838"}],"wp:term":[{"taxonomy":"category","embeddable":true,"href":"https:\/\/rnoticias.com.mx\/Portal\/wp-json\/wp\/v2\/categories?post=220838"},{"taxonomy":"post_tag","embeddable":true,"href":"https:\/\/rnoticias.com.mx\/Portal\/wp-json\/wp\/v2\/tags?post=220838"}],"curies":[{"name":"wp","href":"https:\/\/api.w.org\/{rel}","templated":true}]}}