{"id":220835,"date":"2025-06-07T11:27:25","date_gmt":"2025-06-07T18:27:25","guid":{"rendered":"https:\/\/rnoticias.com.mx\/Portal\/?p=220835"},"modified":"2025-06-07T11:27:25","modified_gmt":"2025-06-07T18:27:25","slug":"impulsa-gobierno-de-sonora-internacionalizacion-de-la-educacion-superior-unisierra","status":"publish","type":"post","link":"https:\/\/rnoticias.com.mx\/Portal\/2025\/06\/07\/impulsa-gobierno-de-sonora-internacionalizacion-de-la-educacion-superior-unisierra\/","title":{"rendered":"Impulsa Gobierno de Sonora internacionalizaci\u00f3n de la educaci\u00f3n superior: Unisierra"},"content":{"rendered":"<p>Moctezuma, Sonora; 7 de junio de 2025.- Para fortalecer la visi\u00f3n intercultural y global de sus actividades acad\u00e9micas, la Universidad de la Sierra (Unisierra) trabajar\u00e1 en coordinaci\u00f3n con la Universidad Francisco de Paula Santander, campus Oca\u00f1a, Colombia.<\/p>\n<p>El rector de la Unisierra, Juan Carlos Avil\u00e9s Miranda, firm\u00f3 un convenio de colaboraci\u00f3n con Adriana Mosqueda, decana de la Facultad de Econom\u00eda y Administraci\u00f3n, para impulsar la investigaci\u00f3n conjunta entre docentes y promover la movilidad internacional de estudiantes y profesores.<\/p>\n<p>La actividad es parte del compromiso de la instituci\u00f3n de brindar a la comunidad escolar herramientas para una formaci\u00f3n integral de vanguardia, que les ofrezcan nuevas oportunidades de desarrollo profesional y acad\u00e9mico.<\/p>\n<p>Asimismo, responde al inter\u00e9s de que todas y todos los integrantes de la comunidad educativa de la Unisierra conozcan otras posibilidades de formaci\u00f3n m\u00e1s all\u00e1 de las fronteras.<\/p>\n<p>En el futuro se analizar\u00e1 la posibilidad de extender la cooperaci\u00f3n en temas de investigaci\u00f3n, desarrollo de curr\u00edculos globales y uso de tecnolog\u00edas para facilitar la educaci\u00f3n transnacional.<\/p>\n","protected":false},"excerpt":{"rendered":"<p>Moctezuma, Sonora; 7 de junio de 2025.- Para fortalecer la visi\u00f3n intercultural y global de sus actividades acad\u00e9micas, la Universidad de la Sierra (Unisierra) trabajar\u00e1 en coordinaci\u00f3n con la Universidad Francisco de Paula Santander, campus Oca\u00f1a, Colombia. El rector de la Unisierra, Juan Carlos Avil\u00e9s Miranda, firm\u00f3 un convenio de colaboraci\u00f3n con Adriana Mosqueda, decana [&hellip;]<\/p>\n","protected":false},"author":2,"featured_media":220836,"comment_status":"closed","ping_status":"closed","sticky":false,"template":"","format":"standard","meta":{"footnotes":""},"categories":[12870,174],"tags":[12865,12873],"class_list":["post-220835","post","type-post","status-publish","format-standard","has-post-thumbnail","hentry","category-destacadas","category-estatal","tag-destacadas","tag-estatal"],"jetpack_featured_media_url":"https:\/\/rnoticias.com.mx\/Portal\/wp-content\/uploads\/2025\/06\/unnamed-2-7.jpg","amp_enabled":true,"_links":{"self":[{"href":"https:\/\/rnoticias.com.mx\/Portal\/wp-json\/wp\/v2\/posts\/220835","targetHints":{"allow":["GET"]}}],"collection":[{"href":"https:\/\/rnoticias.com.mx\/Portal\/wp-json\/wp\/v2\/posts"}],"about":[{"href":"https:\/\/rnoticias.com.mx\/Portal\/wp-json\/wp\/v2\/types\/post"}],"author":[{"embeddable":true,"href":"https:\/\/rnoticias.com.mx\/Portal\/wp-json\/wp\/v2\/users\/2"}],"replies":[{"embeddable":true,"href":"https:\/\/rnoticias.com.mx\/Portal\/wp-json\/wp\/v2\/comments?post=220835"}],"version-history":[{"count":1,"href":"https:\/\/rnoticias.com.mx\/Portal\/wp-json\/wp\/v2\/posts\/220835\/revisions"}],"predecessor-version":[{"id":220837,"href":"https:\/\/rnoticias.com.mx\/Portal\/wp-json\/wp\/v2\/posts\/220835\/revisions\/220837"}],"wp:featuredmedia":[{"embeddable":true,"href":"https:\/\/rnoticias.com.mx\/Portal\/wp-json\/wp\/v2\/media\/220836"}],"wp:attachment":[{"href":"https:\/\/rnoticias.com.mx\/Portal\/wp-json\/wp\/v2\/media?parent=220835"}],"wp:term":[{"taxonomy":"category","embeddable":true,"href":"https:\/\/rnoticias.com.mx\/Portal\/wp-json\/wp\/v2\/categories?post=220835"},{"taxonomy":"post_tag","embeddable":true,"href":"https:\/\/rnoticias.com.mx\/Portal\/wp-json\/wp\/v2\/tags?post=220835"}],"curies":[{"name":"wp","href":"https:\/\/api.w.org\/{rel}","templated":true}]}}