{"id":220832,"date":"2025-06-07T11:26:43","date_gmt":"2025-06-07T18:26:43","guid":{"rendered":"https:\/\/rnoticias.com.mx\/Portal\/?p=220832"},"modified":"2025-06-07T11:26:43","modified_gmt":"2025-06-07T18:26:43","slug":"fortalece-gobierno-de-sonora-desarrollo-deportivo-con-torneo-regional-de-box","status":"publish","type":"post","link":"https:\/\/rnoticias.com.mx\/Portal\/2025\/06\/07\/fortalece-gobierno-de-sonora-desarrollo-deportivo-con-torneo-regional-de-box\/","title":{"rendered":"Fortalece Gobierno de Sonora desarrollo deportivo con torneo regional de box"},"content":{"rendered":"<p>San Luis R\u00edo Colorado, Sonora; 7 de junio de 2025.- Como parte del fomento a la pr\u00e1ctica deportiva y para apoyar a los nuevos talentos, la Universidad Tecnol\u00f3gica de San Luis R\u00edo Colorado (Utslrc) ser\u00e1 sede del Torneo Amateur de Box, que reunir\u00e1 a m\u00e1s de 50 pugilistas de alto nivel provenientes de distintos puntos de la regi\u00f3n fronteriza.<\/p>\n<p>Dicho torneo, organizado a trav\u00e9s del \u00e1rea de Deporte y Cultura de la universidad, tiene como objetivo impulsar el deporte aficionado y fomentar valores como la disciplina, el respeto y el esfuerzo entre la juventud.<\/p>\n<p>Jos\u00e9 Arturo Delgado Reza, rector de la Utslrc, mencion\u00f3 que el evento posiciona a la instituci\u00f3n como un espacio comprometido con el desarrollo deportivo y la cultura, promoviendo la sana competencia, el respeto y la formaci\u00f3n de j\u00f3venes atletas, adem\u00e1s de fortalecer los lazos con la comunidad.<\/p>\n<p>El encuentro, en el que se espera la participaci\u00f3n de pugilistas provenientes de Mexicali, Yuma (Arizona) y San Luis R\u00edo Colorado, entre otras localidades, se llevar\u00e1 a cabo el viernes 13 de junio en las instalaciones de la instituci\u00f3n.<\/p>\n<p>Este tipo de eventos, considerados entre los m\u00e1s relevantes de la regi\u00f3n, brinda al alumnado la oportunidad de practicar el boxeo como una disciplina formativa y de inclusi\u00f3n social.<\/p>\n","protected":false},"excerpt":{"rendered":"<p>San Luis R\u00edo Colorado, Sonora; 7 de junio de 2025.- Como parte del fomento a la pr\u00e1ctica deportiva y para apoyar a los nuevos talentos, la Universidad Tecnol\u00f3gica de San Luis R\u00edo Colorado (Utslrc) ser\u00e1 sede del Torneo Amateur de Box, que reunir\u00e1 a m\u00e1s de 50 pugilistas de alto nivel provenientes de distintos puntos [&hellip;]<\/p>\n","protected":false},"author":2,"featured_media":220833,"comment_status":"closed","ping_status":"closed","sticky":false,"template":"","format":"standard","meta":{"footnotes":""},"categories":[188,12870],"tags":[5231,12865],"class_list":["post-220832","post","type-post","status-publish","format-standard","has-post-thumbnail","hentry","category-deportes","category-destacadas","tag-deportes","tag-destacadas"],"jetpack_featured_media_url":"https:\/\/rnoticias.com.mx\/Portal\/wp-content\/uploads\/2025\/06\/unnamed-23.jpg","amp_enabled":true,"_links":{"self":[{"href":"https:\/\/rnoticias.com.mx\/Portal\/wp-json\/wp\/v2\/posts\/220832","targetHints":{"allow":["GET"]}}],"collection":[{"href":"https:\/\/rnoticias.com.mx\/Portal\/wp-json\/wp\/v2\/posts"}],"about":[{"href":"https:\/\/rnoticias.com.mx\/Portal\/wp-json\/wp\/v2\/types\/post"}],"author":[{"embeddable":true,"href":"https:\/\/rnoticias.com.mx\/Portal\/wp-json\/wp\/v2\/users\/2"}],"replies":[{"embeddable":true,"href":"https:\/\/rnoticias.com.mx\/Portal\/wp-json\/wp\/v2\/comments?post=220832"}],"version-history":[{"count":1,"href":"https:\/\/rnoticias.com.mx\/Portal\/wp-json\/wp\/v2\/posts\/220832\/revisions"}],"predecessor-version":[{"id":220834,"href":"https:\/\/rnoticias.com.mx\/Portal\/wp-json\/wp\/v2\/posts\/220832\/revisions\/220834"}],"wp:featuredmedia":[{"embeddable":true,"href":"https:\/\/rnoticias.com.mx\/Portal\/wp-json\/wp\/v2\/media\/220833"}],"wp:attachment":[{"href":"https:\/\/rnoticias.com.mx\/Portal\/wp-json\/wp\/v2\/media?parent=220832"}],"wp:term":[{"taxonomy":"category","embeddable":true,"href":"https:\/\/rnoticias.com.mx\/Portal\/wp-json\/wp\/v2\/categories?post=220832"},{"taxonomy":"post_tag","embeddable":true,"href":"https:\/\/rnoticias.com.mx\/Portal\/wp-json\/wp\/v2\/tags?post=220832"}],"curies":[{"name":"wp","href":"https:\/\/api.w.org\/{rel}","templated":true}]}}