{"id":220826,"date":"2025-06-07T09:42:01","date_gmt":"2025-06-07T16:42:01","guid":{"rendered":"https:\/\/rnoticias.com.mx\/Portal\/?p=220826"},"modified":"2025-06-07T09:42:01","modified_gmt":"2025-06-07T16:42:01","slug":"cristiano-ronaldo-cree-que-no-jugara-en-el-mundial-de-clubes","status":"publish","type":"post","link":"https:\/\/rnoticias.com.mx\/Portal\/2025\/06\/07\/cristiano-ronaldo-cree-que-no-jugara-en-el-mundial-de-clubes\/","title":{"rendered":"Cristiano Ronaldo cree que no jugar\u00e1 en el Mundial de Clubes"},"content":{"rendered":"<p>Cristiano Ronaldo afirm\u00f3 que es casi seguro que no disputar\u00e1 el Mundial de Clubes, lo que supone un golpe para las esperanzas del presidente de la\u00a0<strong>FIFA<\/strong>, Gianni Infantino, de contar con una de las mayores atracciones del f\u00fatbol en el torneo.<\/p>\n<p>El astro portugu\u00e9s confirm\u00f3 el s\u00e1bado que recibi\u00f3 \u201c<strong>bastantes<\/strong>\u201d ofertas de clubes participantes para jugar con ellos en el torneo que comienza el 14 de junio, pero decidi\u00f3 no aceptar ninguna de ellas.<\/p>\n<p><strong><em>\u201cAlgunas cosas tienen sentido hablarlas, otras no, y, como dice una persona, no puedes participar en todo\u201d,\u00a0<\/em><\/strong>expres\u00f3 Ronaldo.\u00a0<strong><em>\u201cTienes que pensar en el corto, mediano y largo plazo. Es una decisi\u00f3n pr\u00e1cticamente tomada de mi parte no ir al Mundial de Clubes, pero he tenido bastantes invitaciones para ir\u201d.<\/em><\/strong><\/p>\n<p>Cristiano habl\u00f3 sobre el tema en M\u00fanich un d\u00eda antes de la final de la Liga de Naciones de Portugal contra Espa\u00f1a.<\/p>\n<p><strong><em>\u201cEsto es irrelevante en este momento\u201d,\u00a0<\/em><\/strong>manifest\u00f3 Ronaldo cuando se le pregunt\u00f3 por primera vez sobre el Mundial de Clubes. \u201c<strong><em>No tiene sentido hablar de nada m\u00e1s que del equipo nacional.\u201d<\/em><\/strong><\/p>\n<p>&nbsp;<\/p>\n<p>AP<\/p>\n","protected":false},"excerpt":{"rendered":"<p>Cristiano Ronaldo afirm\u00f3 que es casi seguro que no disputar\u00e1 el Mundial de Clubes, lo que supone un golpe para las esperanzas del presidente de la\u00a0FIFA, Gianni Infantino, de contar con una de las mayores atracciones del f\u00fatbol en el torneo. El astro portugu\u00e9s confirm\u00f3 el s\u00e1bado que recibi\u00f3 \u201cbastantes\u201d ofertas de clubes participantes para [&hellip;]<\/p>\n","protected":false},"author":2,"featured_media":220827,"comment_status":"closed","ping_status":"closed","sticky":false,"template":"","format":"standard","meta":{"footnotes":""},"categories":[188,12870],"tags":[5231,12865],"class_list":["post-220826","post","type-post","status-publish","format-standard","has-post-thumbnail","hentry","category-deportes","category-destacadas","tag-deportes","tag-destacadas"],"jetpack_featured_media_url":"https:\/\/rnoticias.com.mx\/Portal\/wp-content\/uploads\/2025\/06\/ab83534cbcca49c9bd5153a5f73c87a6.webp","amp_enabled":true,"_links":{"self":[{"href":"https:\/\/rnoticias.com.mx\/Portal\/wp-json\/wp\/v2\/posts\/220826","targetHints":{"allow":["GET"]}}],"collection":[{"href":"https:\/\/rnoticias.com.mx\/Portal\/wp-json\/wp\/v2\/posts"}],"about":[{"href":"https:\/\/rnoticias.com.mx\/Portal\/wp-json\/wp\/v2\/types\/post"}],"author":[{"embeddable":true,"href":"https:\/\/rnoticias.com.mx\/Portal\/wp-json\/wp\/v2\/users\/2"}],"replies":[{"embeddable":true,"href":"https:\/\/rnoticias.com.mx\/Portal\/wp-json\/wp\/v2\/comments?post=220826"}],"version-history":[{"count":1,"href":"https:\/\/rnoticias.com.mx\/Portal\/wp-json\/wp\/v2\/posts\/220826\/revisions"}],"predecessor-version":[{"id":220828,"href":"https:\/\/rnoticias.com.mx\/Portal\/wp-json\/wp\/v2\/posts\/220826\/revisions\/220828"}],"wp:featuredmedia":[{"embeddable":true,"href":"https:\/\/rnoticias.com.mx\/Portal\/wp-json\/wp\/v2\/media\/220827"}],"wp:attachment":[{"href":"https:\/\/rnoticias.com.mx\/Portal\/wp-json\/wp\/v2\/media?parent=220826"}],"wp:term":[{"taxonomy":"category","embeddable":true,"href":"https:\/\/rnoticias.com.mx\/Portal\/wp-json\/wp\/v2\/categories?post=220826"},{"taxonomy":"post_tag","embeddable":true,"href":"https:\/\/rnoticias.com.mx\/Portal\/wp-json\/wp\/v2\/tags?post=220826"}],"curies":[{"name":"wp","href":"https:\/\/api.w.org\/{rel}","templated":true}]}}