{"id":220823,"date":"2025-06-07T09:40:28","date_gmt":"2025-06-07T16:40:28","guid":{"rendered":"https:\/\/rnoticias.com.mx\/Portal\/?p=220823"},"modified":"2025-06-07T09:40:28","modified_gmt":"2025-06-07T16:40:28","slug":"gobierno-de-sonora-fortalecera-profesionalizacion-de-las-y-los-operadores-del-transporte-publico","status":"publish","type":"post","link":"https:\/\/rnoticias.com.mx\/Portal\/2025\/06\/07\/gobierno-de-sonora-fortalecera-profesionalizacion-de-las-y-los-operadores-del-transporte-publico\/","title":{"rendered":"Gobierno de Sonora fortalecer\u00e1 profesionalizaci\u00f3n de las y los operadores del transporte p\u00fablico"},"content":{"rendered":"<p>Hermosillo, Sonora; 7 de junio de 2025.- El Gobierno de Sonora constituir\u00e1 un programa de profesionalizaci\u00f3n para las personas operadoras del servicio de transporte p\u00fablico del estado, con la finalidad de implementar y desarrollar programas educativos necesarios para su crecimiento y la formaci\u00f3n de nuevos cuadros.<\/p>\n<p>Los responsables de su ejecuci\u00f3n son Carlos Sosa Casta\u00f1eda y Luisa Cristina Rodr\u00edguez Ibarra, titulares del Instituto de Movilidad y Transporte para el Estado de Sonora (IMTES) y del Colegio Nacional de Educaci\u00f3n Profesional T\u00e9cnica (Conalep), respectivamente, tras firmar un convenio de colaboraci\u00f3n.<\/p>\n<p>El nuevo programa de profesionalizaci\u00f3n est\u00e1 encaminado al desarrollo de una nueva cultura organizacional, la formaci\u00f3n de nuevos cuadros y la incorporaci\u00f3n de tecnolog\u00eda y fuentes alternas de energ\u00eda en el sector transporte. Se realizar\u00e1 con base en tres etapas integrales:<\/p>\n<p>&#8211; Etapa uno: Capacitaciones al personal del servicio de transporte.<\/p>\n<p>&#8211; Etapa dos: Inserci\u00f3n de materias relacionadas con autotransporte en los programas educativos de carreras actuales.<\/p>\n<p>&#8211; Etapa tres: An\u00e1lisis y estudio de factibilidad para la implementaci\u00f3n de la carrera t\u00e9cnica en Autotransporte en el estado.<\/p>\n<p>El convenio tambi\u00e9n establece la promoci\u00f3n de una bolsa de trabajo y la credencializaci\u00f3n de las y los estudiantes matriculados.<\/p>\n","protected":false},"excerpt":{"rendered":"<p>Hermosillo, Sonora; 7 de junio de 2025.- El Gobierno de Sonora constituir\u00e1 un programa de profesionalizaci\u00f3n para las personas operadoras del servicio de transporte p\u00fablico del estado, con la finalidad de implementar y desarrollar programas educativos necesarios para su crecimiento y la formaci\u00f3n de nuevos cuadros. Los responsables de su ejecuci\u00f3n son Carlos Sosa Casta\u00f1eda [&hellip;]<\/p>\n","protected":false},"author":2,"featured_media":220824,"comment_status":"closed","ping_status":"closed","sticky":false,"template":"","format":"standard","meta":{"footnotes":""},"categories":[12870,178],"tags":[12865,12869],"class_list":["post-220823","post","type-post","status-publish","format-standard","has-post-thumbnail","hentry","category-destacadas","category-local","tag-destacadas","tag-local"],"jetpack_featured_media_url":"https:\/\/rnoticias.com.mx\/Portal\/wp-content\/uploads\/2025\/06\/unnamed-1-14.jpg","amp_enabled":true,"_links":{"self":[{"href":"https:\/\/rnoticias.com.mx\/Portal\/wp-json\/wp\/v2\/posts\/220823","targetHints":{"allow":["GET"]}}],"collection":[{"href":"https:\/\/rnoticias.com.mx\/Portal\/wp-json\/wp\/v2\/posts"}],"about":[{"href":"https:\/\/rnoticias.com.mx\/Portal\/wp-json\/wp\/v2\/types\/post"}],"author":[{"embeddable":true,"href":"https:\/\/rnoticias.com.mx\/Portal\/wp-json\/wp\/v2\/users\/2"}],"replies":[{"embeddable":true,"href":"https:\/\/rnoticias.com.mx\/Portal\/wp-json\/wp\/v2\/comments?post=220823"}],"version-history":[{"count":1,"href":"https:\/\/rnoticias.com.mx\/Portal\/wp-json\/wp\/v2\/posts\/220823\/revisions"}],"predecessor-version":[{"id":220825,"href":"https:\/\/rnoticias.com.mx\/Portal\/wp-json\/wp\/v2\/posts\/220823\/revisions\/220825"}],"wp:featuredmedia":[{"embeddable":true,"href":"https:\/\/rnoticias.com.mx\/Portal\/wp-json\/wp\/v2\/media\/220824"}],"wp:attachment":[{"href":"https:\/\/rnoticias.com.mx\/Portal\/wp-json\/wp\/v2\/media?parent=220823"}],"wp:term":[{"taxonomy":"category","embeddable":true,"href":"https:\/\/rnoticias.com.mx\/Portal\/wp-json\/wp\/v2\/categories?post=220823"},{"taxonomy":"post_tag","embeddable":true,"href":"https:\/\/rnoticias.com.mx\/Portal\/wp-json\/wp\/v2\/tags?post=220823"}],"curies":[{"name":"wp","href":"https:\/\/api.w.org\/{rel}","templated":true}]}}