{"id":220820,"date":"2025-06-07T09:39:49","date_gmt":"2025-06-07T16:39:49","guid":{"rendered":"https:\/\/rnoticias.com.mx\/Portal\/?p=220820"},"modified":"2025-06-07T09:39:49","modified_gmt":"2025-06-07T16:39:49","slug":"gobierno-de-sonora-impulsa-el-foro-regional-apicola-para-fortalecer-la-produccion-de-miel","status":"publish","type":"post","link":"https:\/\/rnoticias.com.mx\/Portal\/2025\/06\/07\/gobierno-de-sonora-impulsa-el-foro-regional-apicola-para-fortalecer-la-produccion-de-miel\/","title":{"rendered":"Gobierno de Sonora impulsa el Foro Regional Ap\u00edcola para fortalecer la producci\u00f3n de miel"},"content":{"rendered":"<table class=\"m_-1148007003636054689text\" border=\"0\" width=\"100%\" cellspacing=\"0\" cellpadding=\"0\">\n<tbody>\n<tr>\n<td class=\"m_-1148007003636054689text_content-cell m_-1148007003636054689content-padding-horizontal\" align=\"left\" valign=\"top\">Hermosillo, Sonora; 7 de junio de 2025.- Con el prop\u00f3sito de reactivar e innovar el sector ap\u00edcola en la entidad, el gobernador Alfonso Durazo promueve, a trav\u00e9s de la Secretar\u00eda de Agricultura, Ganader\u00eda, Recursos Hidr\u00e1ulicos, Pesca y Acuacultura (Sagarhpa), el Foro Regional Ap\u00edcola Sonora.<\/p>\n<p>Con esta actividad se busca unificar a las y los productores, generar estrategias sostenibles y visibilizar el valor ecol\u00f3gico, econ\u00f3mico y social de la apicultura como una alternativa productiva esencial en el medio rural del estado.<\/p>\n<p>El evento, organizado por el Fideicomiso Maestro para el Financiamiento del Sector Agropecuario de Sonora (Agroson), fue inaugurado por la titular de Sagarhpa, Celida L\u00f3pez C\u00e1rdenas, acompa\u00f1ada del representante de la Sader, Juan Gonz\u00e1lez Alvarado, y del presidente de la Uni\u00f3n Ganadera Regional de Sonora (UGRS), Juan Ochoa Valenzuela, ante quienes destac\u00f3 que \u201csin abejas no hay vida. As\u00ed de fuerte suena, as\u00ed de contundente es la realidad. Hoy reconocemos a quienes las cuidan, estudian y cultivan: ustedes, la comunidad ap\u00edcola de la entidad, cuya labor es vital para nuestro desarrollo social, econ\u00f3mico y ambiental\u201d.<\/p>\n<p>Durante el foro se desarrollaron conferencias magistrales, paneles con investigadores, exposici\u00f3n de colmenas y muestra de productos ap\u00edcolas, con la participaci\u00f3n de productores de distintas regiones del estado.<\/p>\n<p>Actualmente, Sonora cuenta con entre 34 mil y 36 mil colmenas, distribuidas entre aproximadamente mil 200 apicultores organizados en nueve asociaciones, de las cuales cuatro est\u00e1n formalmente constituidas. Sin embargo, en 2024 se registr\u00f3 una de las cifras m\u00e1s bajas de producci\u00f3n en la \u00faltima d\u00e9cada, con apenas 296 toneladas de miel, equivalentes a 14 millones 300 mil pesos.<\/p>\n<p>El Gobierno de Sonora, mediante el Agroson, mantiene apoyos activos para el sector, incluyendo esquemas de financiamiento flexibles y oportunos, as\u00ed como acciones para mejorar las rutas de comercializaci\u00f3n y ampliar las oportunidades del producto ap\u00edcola sonorense a nivel nacional e internacional.<\/td>\n<\/tr>\n<\/tbody>\n<\/table>\n<table class=\"m_-1148007003636054689image m_-1148007003636054689image--mobile-scale m_-1148007003636054689image--mobile-center\" border=\"0\" width=\"100%\" cellspacing=\"0\" cellpadding=\"0\">\n<tbody>\n<tr>\n<td class=\"m_-1148007003636054689image_container m_-1148007003636054689content-padding-horizontal\" align=\"center\" valign=\"top\"><\/td>\n<\/tr>\n<\/tbody>\n<\/table>\n","protected":false},"excerpt":{"rendered":"<p>Hermosillo, Sonora; 7 de junio de 2025.- Con el prop\u00f3sito de reactivar e innovar el sector ap\u00edcola en la entidad, el gobernador Alfonso Durazo promueve, a trav\u00e9s de la Secretar\u00eda de Agricultura, Ganader\u00eda, Recursos Hidr\u00e1ulicos, Pesca y Acuacultura (Sagarhpa), el Foro Regional Ap\u00edcola Sonora. Con esta actividad se busca unificar a las y los productores, [&hellip;]<\/p>\n","protected":false},"author":2,"featured_media":220821,"comment_status":"closed","ping_status":"closed","sticky":false,"template":"","format":"standard","meta":{"footnotes":""},"categories":[12870,178],"tags":[12865,12869],"class_list":["post-220820","post","type-post","status-publish","format-standard","has-post-thumbnail","hentry","category-destacadas","category-local","tag-destacadas","tag-local"],"jetpack_featured_media_url":"https:\/\/rnoticias.com.mx\/Portal\/wp-content\/uploads\/2025\/06\/unnamed-22.jpg","amp_enabled":true,"_links":{"self":[{"href":"https:\/\/rnoticias.com.mx\/Portal\/wp-json\/wp\/v2\/posts\/220820","targetHints":{"allow":["GET"]}}],"collection":[{"href":"https:\/\/rnoticias.com.mx\/Portal\/wp-json\/wp\/v2\/posts"}],"about":[{"href":"https:\/\/rnoticias.com.mx\/Portal\/wp-json\/wp\/v2\/types\/post"}],"author":[{"embeddable":true,"href":"https:\/\/rnoticias.com.mx\/Portal\/wp-json\/wp\/v2\/users\/2"}],"replies":[{"embeddable":true,"href":"https:\/\/rnoticias.com.mx\/Portal\/wp-json\/wp\/v2\/comments?post=220820"}],"version-history":[{"count":1,"href":"https:\/\/rnoticias.com.mx\/Portal\/wp-json\/wp\/v2\/posts\/220820\/revisions"}],"predecessor-version":[{"id":220822,"href":"https:\/\/rnoticias.com.mx\/Portal\/wp-json\/wp\/v2\/posts\/220820\/revisions\/220822"}],"wp:featuredmedia":[{"embeddable":true,"href":"https:\/\/rnoticias.com.mx\/Portal\/wp-json\/wp\/v2\/media\/220821"}],"wp:attachment":[{"href":"https:\/\/rnoticias.com.mx\/Portal\/wp-json\/wp\/v2\/media?parent=220820"}],"wp:term":[{"taxonomy":"category","embeddable":true,"href":"https:\/\/rnoticias.com.mx\/Portal\/wp-json\/wp\/v2\/categories?post=220820"},{"taxonomy":"post_tag","embeddable":true,"href":"https:\/\/rnoticias.com.mx\/Portal\/wp-json\/wp\/v2\/tags?post=220820"}],"curies":[{"name":"wp","href":"https:\/\/api.w.org\/{rel}","templated":true}]}}