{"id":220808,"date":"2025-06-07T09:03:27","date_gmt":"2025-06-07T16:03:27","guid":{"rendered":"https:\/\/rnoticias.com.mx\/Portal\/?p=220808"},"modified":"2025-06-07T09:03:27","modified_gmt":"2025-06-07T16:03:27","slug":"oea-recomienda-no-replicar-el-modelo-de-eleccion-judicial-mexicana-en-la-region","status":"publish","type":"post","link":"https:\/\/rnoticias.com.mx\/Portal\/2025\/06\/07\/oea-recomienda-no-replicar-el-modelo-de-eleccion-judicial-mexicana-en-la-region\/","title":{"rendered":"OEA recomienda no replicar el modelo de elecci\u00f3n judicial mexicana en la regi\u00f3n"},"content":{"rendered":"<p>La Misi\u00f3n de Observaci\u00f3n Electoral (MOE) de la Organizaci\u00f3n de los Estados Americanos (OEA) recomend\u00f3\u00a0 no replicar el modelo mexicano de elecci\u00f3n judicial en otros pa\u00edses de la regi\u00f3n, tras constatar m\u00faltiples problemas en el primer proceso de este tipo en M\u00e9xico, en el que participaron apenas el 13 por ciento de los electores.<\/p>\n<p>En su informe preliminar sobre dichos comicios realizados el 1 de junio, la misi\u00f3n afirm\u00f3 que este modelo no tiene precedentes a nivel mundial y que lejos de fortalecer la justicia, podr\u00eda debilitar su imparcialidad, independencia y eficacia.<\/p>\n<p>La Misi\u00f3n no recomienda que este modelo de selecci\u00f3n de jueces se replique para otros pa\u00edses de la regi\u00f3n\u201d, se\u00f1ala el documento, que tambi\u00e9n cuestiona la idoneidad de los perfiles de los candidatos, al no haberse aplicado ex\u00e1menes estandarizados en los procesos de selecci\u00f3n.<\/p>\n<p>El domingo 1 de junio se llevaron a cabo en M\u00e9xico las primeras elecciones de m\u00e1s de 880 cargos judiciales federales, entre los que se eligi\u00f3 a nueve ministros de la Suprema Corte de Justicia de la Naci\u00f3n (SCJN), resultado de una reforma constitucional del expresidente Andr\u00e9s Manuel L\u00f3pez Obrador (2018-2024).<\/p>\n<p>Los primeros resultados de la in\u00e9dita elecci\u00f3n judicial apunta a que el oficialismo controlar\u00e1 las principales instancias del nuevo Poder Judicial, con candidatos afines dominando los puestos en la Suprema Corte y el reci\u00e9n creado Tribunal de Disciplina Judicial .<\/p>\n<p>Baja participaci\u00f3n y alta nulidad de votos en la elecci\u00f3n judicial<\/p>\n<p>Adem\u00e1s, el organismo transmiti\u00f3 su preocupaci\u00f3n ante los votos nulos y no marcados, que representaron el 10.80 por ciento de la elecci\u00f3n y estipul\u00f3 que se debi\u00f3 al plazo tan breve en el que se desarrollaron estos comicios.<\/p>\n","protected":false},"excerpt":{"rendered":"<p>La Misi\u00f3n de Observaci\u00f3n Electoral (MOE) de la Organizaci\u00f3n de los Estados Americanos (OEA) recomend\u00f3\u00a0 no replicar el modelo mexicano de elecci\u00f3n judicial en otros pa\u00edses de la regi\u00f3n, tras constatar m\u00faltiples problemas en el primer proceso de este tipo en M\u00e9xico, en el que participaron apenas el 13 por ciento de los electores. En [&hellip;]<\/p>\n","protected":false},"author":2,"featured_media":220809,"comment_status":"closed","ping_status":"closed","sticky":false,"template":"","format":"standard","meta":{"footnotes":""},"categories":[12870,172],"tags":[12865,12874],"class_list":["post-220808","post","type-post","status-publish","format-standard","has-post-thumbnail","hentry","category-destacadas","category-nacional","tag-destacadas","tag-nacional"],"jetpack_featured_media_url":"https:\/\/rnoticias.com.mx\/Portal\/wp-content\/uploads\/2025\/06\/Captura-de-Pantalla-2025-06-06-a-las-14.28.29.webp","amp_enabled":true,"_links":{"self":[{"href":"https:\/\/rnoticias.com.mx\/Portal\/wp-json\/wp\/v2\/posts\/220808","targetHints":{"allow":["GET"]}}],"collection":[{"href":"https:\/\/rnoticias.com.mx\/Portal\/wp-json\/wp\/v2\/posts"}],"about":[{"href":"https:\/\/rnoticias.com.mx\/Portal\/wp-json\/wp\/v2\/types\/post"}],"author":[{"embeddable":true,"href":"https:\/\/rnoticias.com.mx\/Portal\/wp-json\/wp\/v2\/users\/2"}],"replies":[{"embeddable":true,"href":"https:\/\/rnoticias.com.mx\/Portal\/wp-json\/wp\/v2\/comments?post=220808"}],"version-history":[{"count":1,"href":"https:\/\/rnoticias.com.mx\/Portal\/wp-json\/wp\/v2\/posts\/220808\/revisions"}],"predecessor-version":[{"id":220810,"href":"https:\/\/rnoticias.com.mx\/Portal\/wp-json\/wp\/v2\/posts\/220808\/revisions\/220810"}],"wp:featuredmedia":[{"embeddable":true,"href":"https:\/\/rnoticias.com.mx\/Portal\/wp-json\/wp\/v2\/media\/220809"}],"wp:attachment":[{"href":"https:\/\/rnoticias.com.mx\/Portal\/wp-json\/wp\/v2\/media?parent=220808"}],"wp:term":[{"taxonomy":"category","embeddable":true,"href":"https:\/\/rnoticias.com.mx\/Portal\/wp-json\/wp\/v2\/categories?post=220808"},{"taxonomy":"post_tag","embeddable":true,"href":"https:\/\/rnoticias.com.mx\/Portal\/wp-json\/wp\/v2\/tags?post=220808"}],"curies":[{"name":"wp","href":"https:\/\/api.w.org\/{rel}","templated":true}]}}