{"id":220676,"date":"2025-06-05T18:42:07","date_gmt":"2025-06-06T01:42:07","guid":{"rendered":"https:\/\/rnoticias.com.mx\/Portal\/?p=220676"},"modified":"2025-06-05T18:42:07","modified_gmt":"2025-06-06T01:42:07","slug":"recomienda-gobierno-de-sonora-mantenerse-bien-hidratado-durante-la-temporada-de-calor","status":"publish","type":"post","link":"https:\/\/rnoticias.com.mx\/Portal\/2025\/06\/05\/recomienda-gobierno-de-sonora-mantenerse-bien-hidratado-durante-la-temporada-de-calor\/","title":{"rendered":"Recomienda Gobierno de Sonora mantenerse bien hidratado durante la temporada de calor"},"content":{"rendered":"<p>Hermosillo, Sonora; 5 de junio de 2025.- Ante las altas temperaturas que se registran en la entidad, el Gobierno de Sonora, a trav\u00e9s de la Secretar\u00eda de Salud (SSP), hizo un llamado urgente a la poblaci\u00f3n a mantenerse bien hidratada, ya que el consumo adecuado de agua es esencial para conservar una buena salud y prevenir complicaciones graves.<\/p>\n<p>La dependencia estatal subray\u00f3 que esperar a tener sed no es recomendable, pues este ya es un signo inicial de deshidrataci\u00f3n. En cambio, se debe consumir agua de forma regular a lo largo del d\u00eda, especialmente en \u00e9pocas de calor extremo.<\/p>\n<p>La deshidrataci\u00f3n puede avanzar r\u00e1pidamente y provocar desde malestares leves hasta cuadros graves que pueden poner en riesgo la vida. Por ello, la SSP recomend\u00f3 beber entre dos y tres litros de agua diarios (equivalentes a ocho a doce vasos), evitar bebidas azucaradas o alcoh\u00f3licas, consumir alimentos ricos en agua como frutas y verduras, y protegerse del sol para evitar p\u00e9rdidas excesivas de l\u00edquidos.<\/p>\n<p>Entre los s\u00edntomas m\u00e1s comunes de deshidrataci\u00f3n se encuentran: labios y lengua seca, malestar general, dolor de cabeza, irritabilidad, v\u00f3mitos y sed intensa.<\/p>\n<p>La SSP exhort\u00f3 a las y los sonorenses a acudir de inmediato a su unidad m\u00e9dica si presentan alguno de estos s\u00edntomas, para recibir el diagn\u00f3stico y tratamiento adecuados por parte del personal de salud.<\/p>\n","protected":false},"excerpt":{"rendered":"<p>Hermosillo, Sonora; 5 de junio de 2025.- Ante las altas temperaturas que se registran en la entidad, el Gobierno de Sonora, a trav\u00e9s de la Secretar\u00eda de Salud (SSP), hizo un llamado urgente a la poblaci\u00f3n a mantenerse bien hidratada, ya que el consumo adecuado de agua es esencial para conservar una buena salud y [&hellip;]<\/p>\n","protected":false},"author":2,"featured_media":220677,"comment_status":"closed","ping_status":"closed","sticky":false,"template":"","format":"standard","meta":{"footnotes":""},"categories":[12870,178],"tags":[12865,12869],"class_list":["post-220676","post","type-post","status-publish","format-standard","has-post-thumbnail","hentry","category-destacadas","category-local","tag-destacadas","tag-local"],"jetpack_featured_media_url":"https:\/\/rnoticias.com.mx\/Portal\/wp-content\/uploads\/2025\/06\/unnamed-2-4.jpg","amp_enabled":true,"_links":{"self":[{"href":"https:\/\/rnoticias.com.mx\/Portal\/wp-json\/wp\/v2\/posts\/220676","targetHints":{"allow":["GET"]}}],"collection":[{"href":"https:\/\/rnoticias.com.mx\/Portal\/wp-json\/wp\/v2\/posts"}],"about":[{"href":"https:\/\/rnoticias.com.mx\/Portal\/wp-json\/wp\/v2\/types\/post"}],"author":[{"embeddable":true,"href":"https:\/\/rnoticias.com.mx\/Portal\/wp-json\/wp\/v2\/users\/2"}],"replies":[{"embeddable":true,"href":"https:\/\/rnoticias.com.mx\/Portal\/wp-json\/wp\/v2\/comments?post=220676"}],"version-history":[{"count":1,"href":"https:\/\/rnoticias.com.mx\/Portal\/wp-json\/wp\/v2\/posts\/220676\/revisions"}],"predecessor-version":[{"id":220678,"href":"https:\/\/rnoticias.com.mx\/Portal\/wp-json\/wp\/v2\/posts\/220676\/revisions\/220678"}],"wp:featuredmedia":[{"embeddable":true,"href":"https:\/\/rnoticias.com.mx\/Portal\/wp-json\/wp\/v2\/media\/220677"}],"wp:attachment":[{"href":"https:\/\/rnoticias.com.mx\/Portal\/wp-json\/wp\/v2\/media?parent=220676"}],"wp:term":[{"taxonomy":"category","embeddable":true,"href":"https:\/\/rnoticias.com.mx\/Portal\/wp-json\/wp\/v2\/categories?post=220676"},{"taxonomy":"post_tag","embeddable":true,"href":"https:\/\/rnoticias.com.mx\/Portal\/wp-json\/wp\/v2\/tags?post=220676"}],"curies":[{"name":"wp","href":"https:\/\/api.w.org\/{rel}","templated":true}]}}