{"id":220628,"date":"2025-06-05T17:29:45","date_gmt":"2025-06-06T00:29:45","guid":{"rendered":"https:\/\/rnoticias.com.mx\/Portal\/?p=220628"},"modified":"2025-06-05T17:29:45","modified_gmt":"2025-06-06T00:29:45","slug":"avanza-gobierno-de-sonora-en-capacitacion-de-operadores-de-los-sistemas-de-transporte-publico","status":"publish","type":"post","link":"https:\/\/rnoticias.com.mx\/Portal\/2025\/06\/05\/avanza-gobierno-de-sonora-en-capacitacion-de-operadores-de-los-sistemas-de-transporte-publico\/","title":{"rendered":"Avanza Gobierno de Sonora en capacitaci\u00f3n de operadores de los sistemas de transporte p\u00fablico"},"content":{"rendered":"<p>Hermosillo, Sonora; 5 de junio de 2025.- Con el prop\u00f3sito de fortalecer las habilidades y aptitudes de las personas operadoras del transporte p\u00fablico, el Gobierno de Sonora avanza en su programa anual de capacitaci\u00f3n en la entidad, en beneficio de la ciudadan\u00eda que requiere una movilidad eficiente y segura.<\/p>\n<p>Los cursos de operaci\u00f3n de transporte abordan temas sobre derechos y obligaciones, seguridad al volante y servicio de transporte p\u00fablico de calidad; incluyen tambi\u00e9n contenidos de sensibilizaci\u00f3n, inclusi\u00f3n, atenci\u00f3n a emergencias, primeros auxilios y el Sistema de Atenci\u00f3n a la Violencia Familiar y de G\u00e9nero (Salva), en colaboraci\u00f3n con DIF Sonora, la Secretar\u00eda de Seguridad P\u00fablica y la Secretar\u00eda de Salud.<\/p>\n<p>Carlos Sosa Casta\u00f1eda, coordinador ejecutivo del Instituto de Movilidad y Transporte para el Estado de Sonora (Imtes), inform\u00f3 que, hasta la fecha, se ha brindado capacitaci\u00f3n a cerca de dos mil 400 personas, principalmente operadoras y operadores del transporte de alquiler, especial, de carga, urbano y suburbano.<\/p>\n<p>Asimismo, a trav\u00e9s de la Direcci\u00f3n de Seguridad Vial del instituto y con la gu\u00eda de expertos en la materia, desde abril se implement\u00f3 un nuevo programa de reforzamiento para disminuir la siniestralidad vial en el transporte urbano de Hermosillo.<\/p>\n<p>Este nuevo programa establece mecanismos para la gesti\u00f3n de factores de riesgo que permitan reducir las muertes y lesiones graves ocasionadas por siniestros viales, como los h\u00e1bitos de manejo, el conocimiento del reglamento y la cultura de movilidad, as\u00ed como acciones clave para salvaguardar la vida e integridad f\u00edsica de las personas usuarias.<\/p>\n","protected":false},"excerpt":{"rendered":"<p>Hermosillo, Sonora; 5 de junio de 2025.- Con el prop\u00f3sito de fortalecer las habilidades y aptitudes de las personas operadoras del transporte p\u00fablico, el Gobierno de Sonora avanza en su programa anual de capacitaci\u00f3n en la entidad, en beneficio de la ciudadan\u00eda que requiere una movilidad eficiente y segura. Los cursos de operaci\u00f3n de transporte [&hellip;]<\/p>\n","protected":false},"author":2,"featured_media":220629,"comment_status":"closed","ping_status":"closed","sticky":false,"template":"","format":"standard","meta":{"footnotes":""},"categories":[12870,178],"tags":[12865,12869],"class_list":["post-220628","post","type-post","status-publish","format-standard","has-post-thumbnail","hentry","category-destacadas","category-local","tag-destacadas","tag-local"],"jetpack_featured_media_url":"https:\/\/rnoticias.com.mx\/Portal\/wp-content\/uploads\/2025\/06\/unnamed-12.jpg","amp_enabled":true,"_links":{"self":[{"href":"https:\/\/rnoticias.com.mx\/Portal\/wp-json\/wp\/v2\/posts\/220628","targetHints":{"allow":["GET"]}}],"collection":[{"href":"https:\/\/rnoticias.com.mx\/Portal\/wp-json\/wp\/v2\/posts"}],"about":[{"href":"https:\/\/rnoticias.com.mx\/Portal\/wp-json\/wp\/v2\/types\/post"}],"author":[{"embeddable":true,"href":"https:\/\/rnoticias.com.mx\/Portal\/wp-json\/wp\/v2\/users\/2"}],"replies":[{"embeddable":true,"href":"https:\/\/rnoticias.com.mx\/Portal\/wp-json\/wp\/v2\/comments?post=220628"}],"version-history":[{"count":1,"href":"https:\/\/rnoticias.com.mx\/Portal\/wp-json\/wp\/v2\/posts\/220628\/revisions"}],"predecessor-version":[{"id":220630,"href":"https:\/\/rnoticias.com.mx\/Portal\/wp-json\/wp\/v2\/posts\/220628\/revisions\/220630"}],"wp:featuredmedia":[{"embeddable":true,"href":"https:\/\/rnoticias.com.mx\/Portal\/wp-json\/wp\/v2\/media\/220629"}],"wp:attachment":[{"href":"https:\/\/rnoticias.com.mx\/Portal\/wp-json\/wp\/v2\/media?parent=220628"}],"wp:term":[{"taxonomy":"category","embeddable":true,"href":"https:\/\/rnoticias.com.mx\/Portal\/wp-json\/wp\/v2\/categories?post=220628"},{"taxonomy":"post_tag","embeddable":true,"href":"https:\/\/rnoticias.com.mx\/Portal\/wp-json\/wp\/v2\/tags?post=220628"}],"curies":[{"name":"wp","href":"https:\/\/api.w.org\/{rel}","templated":true}]}}