{"id":220607,"date":"2025-06-04T19:35:13","date_gmt":"2025-06-05T02:35:13","guid":{"rendered":"https:\/\/rnoticias.com.mx\/Portal\/?p=220607"},"modified":"2025-06-04T19:35:13","modified_gmt":"2025-06-05T02:35:13","slug":"exhortan-a-700-beneficiarios-de-la-beca-rita-cetina-a-que-recojan-sus-tarjetas","status":"publish","type":"post","link":"https:\/\/rnoticias.com.mx\/Portal\/2025\/06\/04\/exhortan-a-700-beneficiarios-de-la-beca-rita-cetina-a-que-recojan-sus-tarjetas\/","title":{"rendered":"Exhortan a 700 beneficiarios de la beca Rita Cetina a que recojan sus tarjetas"},"content":{"rendered":"<p>En Sonora, la Coordinaci\u00f3n Nacional de Becas para el Bienestar est\u00e1 en la b\u00fasqueda de 700 beneficiarios de la beca Rita Cetina que a\u00fan no han recogido sus tarjetas bancarias.<\/p>\n<p>&nbsp;<\/p>\n<p>Adri\u00e1n Duarte Franco, coordinador estatal del programa, inform\u00f3 que esta situaci\u00f3n se presenta en todos los niveles educativos, desde la educaci\u00f3n b\u00e1sica hasta la superior, y se est\u00e1 trabajando intensamente para localizar a los estudiantes.<\/p>\n<p>&nbsp;<\/p>\n<p>\u201cSe est\u00e1 llevando a cabo un operativo casa por casa con el objetivo de entregar las tarjetas restantes, que forman parte de un total de 75,500 distribuidas. Las tarjetas no recogidas representan un monto acumulado de aproximadamente 1.3 millones de pesos en recursos que a\u00fan no han sido reclamados por los beneficiarios\u201d, reconoci\u00f3.<\/p>\n<p>&nbsp;<\/p>\n<p>Entre las razones por las que no se ha concretado la entrega, explic\u00f3 que se encuentran mudanzas a otras entidades del pa\u00eds, cambios de domicilio dentro del estado y, en menor medida, fallecimientos.<\/p>\n<p>&nbsp;<\/p>\n<p>Ante ello, la dependencia federal, hace un llamado a los beneficiarios o sus familiares para que se acerquen y puedan recibir el apoyo correspondiente.<\/p>\n<p>&nbsp;<\/p>\n","protected":false},"excerpt":{"rendered":"<p>En Sonora, la Coordinaci\u00f3n Nacional de Becas para el Bienestar est\u00e1 en la b\u00fasqueda de 700 beneficiarios de la beca Rita Cetina que a\u00fan no han recogido sus tarjetas bancarias. &nbsp; Adri\u00e1n Duarte Franco, coordinador estatal del programa, inform\u00f3 que esta situaci\u00f3n se presenta en todos los niveles educativos, desde la educaci\u00f3n b\u00e1sica hasta la [&hellip;]<\/p>\n","protected":false},"author":2,"featured_media":220608,"comment_status":"closed","ping_status":"closed","sticky":false,"template":"","format":"standard","meta":{"footnotes":""},"categories":[12870,178],"tags":[12865,12869],"class_list":["post-220607","post","type-post","status-publish","format-standard","has-post-thumbnail","hentry","category-destacadas","category-local","tag-destacadas","tag-local"],"jetpack_featured_media_url":"https:\/\/rnoticias.com.mx\/Portal\/wp-content\/uploads\/2025\/06\/sitio-pirata-beca-rita-cetina-164628-400x225-1.jpg","amp_enabled":true,"_links":{"self":[{"href":"https:\/\/rnoticias.com.mx\/Portal\/wp-json\/wp\/v2\/posts\/220607","targetHints":{"allow":["GET"]}}],"collection":[{"href":"https:\/\/rnoticias.com.mx\/Portal\/wp-json\/wp\/v2\/posts"}],"about":[{"href":"https:\/\/rnoticias.com.mx\/Portal\/wp-json\/wp\/v2\/types\/post"}],"author":[{"embeddable":true,"href":"https:\/\/rnoticias.com.mx\/Portal\/wp-json\/wp\/v2\/users\/2"}],"replies":[{"embeddable":true,"href":"https:\/\/rnoticias.com.mx\/Portal\/wp-json\/wp\/v2\/comments?post=220607"}],"version-history":[{"count":1,"href":"https:\/\/rnoticias.com.mx\/Portal\/wp-json\/wp\/v2\/posts\/220607\/revisions"}],"predecessor-version":[{"id":220609,"href":"https:\/\/rnoticias.com.mx\/Portal\/wp-json\/wp\/v2\/posts\/220607\/revisions\/220609"}],"wp:featuredmedia":[{"embeddable":true,"href":"https:\/\/rnoticias.com.mx\/Portal\/wp-json\/wp\/v2\/media\/220608"}],"wp:attachment":[{"href":"https:\/\/rnoticias.com.mx\/Portal\/wp-json\/wp\/v2\/media?parent=220607"}],"wp:term":[{"taxonomy":"category","embeddable":true,"href":"https:\/\/rnoticias.com.mx\/Portal\/wp-json\/wp\/v2\/categories?post=220607"},{"taxonomy":"post_tag","embeddable":true,"href":"https:\/\/rnoticias.com.mx\/Portal\/wp-json\/wp\/v2\/tags?post=220607"}],"curies":[{"name":"wp","href":"https:\/\/api.w.org\/{rel}","templated":true}]}}