{"id":220604,"date":"2025-06-04T19:32:50","date_gmt":"2025-06-05T02:32:50","guid":{"rendered":"https:\/\/rnoticias.com.mx\/Portal\/?p=220604"},"modified":"2025-06-04T19:32:50","modified_gmt":"2025-06-05T02:32:50","slug":"diputada-gabriela-tapia-fonllem-fortalece-lazos-con-comunidades-indigenas-en-el-sur-de-sonora","status":"publish","type":"post","link":"https:\/\/rnoticias.com.mx\/Portal\/2025\/06\/04\/diputada-gabriela-tapia-fonllem-fortalece-lazos-con-comunidades-indigenas-en-el-sur-de-sonora\/","title":{"rendered":"Diputada Gabriela Tapia Fonllem fortalece lazos con comunidades ind\u00edgenas en el sur de Sonora"},"content":{"rendered":"<p>Hermosillo, Sonora; 4 de junio de 2025. &#8211; En el marco de su gira de trabajo por el sur del estado, la diputada Gabriela Tapia Fonllem, representante parlamentaria del PRD Sonora, sostuvo en el municipio de Benito Ju\u00e1rez una reuni\u00f3n con integrantes de la Sociedad de Solidaridad Social \u201cJamutchim\u201d, organizaci\u00f3n conformada por mujeres ind\u00edgenas comprometidas con el bienestar de sus comunidades.<\/p>\n<p>Durante el encuentro se abordaron temas clave como salud, educaci\u00f3n, apoyos productivos y desarrollo comunitario, en los que se dio respuesta a diversas peticiones dirigidas a mejorar las condiciones de vida de las y los habitantes ind\u00edgenas de la regi\u00f3n.<\/p>\n<p>La diputada Tapia Fonllem reafirm\u00f3 su compromiso con los pueblos originarios y subray\u00f3 la importancia de escuchar directamente a las comunidades.<\/p>\n<p>\u201cSolo as\u00ed se pueden construir pol\u00edticas p\u00fablicas m\u00e1s justas e incluyentes\u201d, se\u00f1al\u00f3.<\/p>\n<p>Con estas acciones, la legisladora local perredista contin\u00faa impulsando el trabajo cercano y sensible a las necesidades reales de las y los sonorenses.<\/p>\n","protected":false},"excerpt":{"rendered":"<p>Hermosillo, Sonora; 4 de junio de 2025. &#8211; En el marco de su gira de trabajo por el sur del estado, la diputada Gabriela Tapia Fonllem, representante parlamentaria del PRD Sonora, sostuvo en el municipio de Benito Ju\u00e1rez una reuni\u00f3n con integrantes de la Sociedad de Solidaridad Social \u201cJamutchim\u201d, organizaci\u00f3n conformada por mujeres ind\u00edgenas comprometidas [&hellip;]<\/p>\n","protected":false},"author":2,"featured_media":220605,"comment_status":"closed","ping_status":"closed","sticky":false,"template":"","format":"standard","meta":{"footnotes":""},"categories":[12870,12868],"tags":[12865,12879],"class_list":["post-220604","post","type-post","status-publish","format-standard","has-post-thumbnail","hentry","category-destacadas","category-politica","tag-destacadas","tag-politica"],"jetpack_featured_media_url":"https:\/\/rnoticias.com.mx\/Portal\/wp-content\/uploads\/2025\/06\/57d8f0c4-6a96-4a73-be1a-73fbe883b16d.jpg","amp_enabled":true,"_links":{"self":[{"href":"https:\/\/rnoticias.com.mx\/Portal\/wp-json\/wp\/v2\/posts\/220604","targetHints":{"allow":["GET"]}}],"collection":[{"href":"https:\/\/rnoticias.com.mx\/Portal\/wp-json\/wp\/v2\/posts"}],"about":[{"href":"https:\/\/rnoticias.com.mx\/Portal\/wp-json\/wp\/v2\/types\/post"}],"author":[{"embeddable":true,"href":"https:\/\/rnoticias.com.mx\/Portal\/wp-json\/wp\/v2\/users\/2"}],"replies":[{"embeddable":true,"href":"https:\/\/rnoticias.com.mx\/Portal\/wp-json\/wp\/v2\/comments?post=220604"}],"version-history":[{"count":1,"href":"https:\/\/rnoticias.com.mx\/Portal\/wp-json\/wp\/v2\/posts\/220604\/revisions"}],"predecessor-version":[{"id":220606,"href":"https:\/\/rnoticias.com.mx\/Portal\/wp-json\/wp\/v2\/posts\/220604\/revisions\/220606"}],"wp:featuredmedia":[{"embeddable":true,"href":"https:\/\/rnoticias.com.mx\/Portal\/wp-json\/wp\/v2\/media\/220605"}],"wp:attachment":[{"href":"https:\/\/rnoticias.com.mx\/Portal\/wp-json\/wp\/v2\/media?parent=220604"}],"wp:term":[{"taxonomy":"category","embeddable":true,"href":"https:\/\/rnoticias.com.mx\/Portal\/wp-json\/wp\/v2\/categories?post=220604"},{"taxonomy":"post_tag","embeddable":true,"href":"https:\/\/rnoticias.com.mx\/Portal\/wp-json\/wp\/v2\/tags?post=220604"}],"curies":[{"name":"wp","href":"https:\/\/api.w.org\/{rel}","templated":true}]}}