{"id":220586,"date":"2025-06-04T19:20:33","date_gmt":"2025-06-05T02:20:33","guid":{"rendered":"https:\/\/rnoticias.com.mx\/Portal\/?p=220586"},"modified":"2025-06-04T19:20:33","modified_gmt":"2025-06-05T02:20:33","slug":"todo-listo-para-la-gran-final-de-desafio-incluyente-2025","status":"publish","type":"post","link":"https:\/\/rnoticias.com.mx\/Portal\/2025\/06\/04\/todo-listo-para-la-gran-final-de-desafio-incluyente-2025\/","title":{"rendered":"Todo listo para la gran final de \u201cDesaf\u00edo Incluyente 2025&#8243;"},"content":{"rendered":"<p>Hermosillo, Sonora; 4 de junio, 2025.- Se invita a la ciudadan\u00eda en general para apoyar a los 10 finalistas de &#8220;Desaf\u00edo Incluyente 2025&#8221;, quienes presentar\u00e1n su emprendimiento a trav\u00e9s de una competencia de pitches el pr\u00f3ximo lunes 9 de junio, en el sal\u00f3n de eventos La Cascada.<\/p>\n<p>La invitaci\u00f3n es abierta para apoyar a uno de los finalistas de las categor\u00edas Persona con discapacidad o Cuidador de una persona con discapacidad, en el evento que se llevar\u00e1 a cabo de 6 de la tarde a 8:30 de la noche.<br \/>\nDesaf\u00edo Incluyente es un programa integral, que organiza DIF Hermosillo a trav\u00e9s de COMUDIS junto con la Agencia Municipal de Desarrollo Econ\u00f3mico, de impacto social que mejora la econom\u00eda y calidad de vida de comunidades locales a trav\u00e9s de la capacitaci\u00f3n y formaci\u00f3n en mejorar su emprendimiento, adem\u00e1s de un concurso con premios en efectivo y en especie.<br \/>\nTambi\u00e9n se llevar\u00e1 a cabo la premiaci\u00f3n de los primeros lugares de cada categor\u00eda y de los premios especiales People\u00b4s Choice, uno de redes sociales y otro por medio de votaci\u00f3n en tiempo real el d\u00eda del evento.<\/p>\n<p>El programa se divide en los ejes: M\u00f3dulos de Capacitaci\u00f3n Empresarial, Presentaci\u00f3n Final de Emprendimiento y Mentor\u00edas Personalizadas, en los cuales las personas emprendedoras reciben herramientas para fortalecer su negocio.<\/p>\n<p>Del 19 al 23 de mayo se llevaron a cabo las capacitaciones a trav\u00e9s de m\u00f3dulos de emprendimiento, el 27 de mayo se realiz\u00f3 la selecci\u00f3n de finalistas, del 3 al 4 de junio la ciudadan\u00eda vot\u00f3 por su emprendimiento favorito, a trav\u00e9s del People\u2019s Choice Award.<\/p>\n<p>Los emprendimientos finalistas son: Flor de Jamaica , Frijoles Majo; Fiestas Soy Sordo, Talabater\u00eda G\u00e1lvez; Loter\u00eda de Valores e Inclusi\u00f3n; Puro Chuqui; Forma y Dise\u00f1o de Madera; Beauty Art Salon y Spa; Los Portillo Carne Seca; y Polvos M\u00e1gicos.<\/p>\n<p>Premios:<\/p>\n<p>1er lugar: $35,000 5to lugar: $10,000<br \/>\n2do lugar: $25,000 People\u00b4s Choice Redes Sociales: Premio en especie<br \/>\n3er lugar: $20,000 People\u00b4s Choice Evento: Premio en especie<br \/>\n4to lugar: $10,000<\/p>\n","protected":false},"excerpt":{"rendered":"<p>Hermosillo, Sonora; 4 de junio, 2025.- Se invita a la ciudadan\u00eda en general para apoyar a los 10 finalistas de &#8220;Desaf\u00edo Incluyente 2025&#8221;, quienes presentar\u00e1n su emprendimiento a trav\u00e9s de una competencia de pitches el pr\u00f3ximo lunes 9 de junio, en el sal\u00f3n de eventos La Cascada. La invitaci\u00f3n es abierta para apoyar a uno [&hellip;]<\/p>\n","protected":false},"author":2,"featured_media":220587,"comment_status":"closed","ping_status":"closed","sticky":false,"template":"","format":"standard","meta":{"footnotes":""},"categories":[12870,178],"tags":[12865,12869],"class_list":["post-220586","post","type-post","status-publish","format-standard","has-post-thumbnail","hentry","category-destacadas","category-local","tag-destacadas","tag-local"],"jetpack_featured_media_url":"https:\/\/rnoticias.com.mx\/Portal\/wp-content\/uploads\/2025\/06\/3d4fe4b0-706a-4962-a2a6-b5c29d7aa8c0.jpg","amp_enabled":true,"_links":{"self":[{"href":"https:\/\/rnoticias.com.mx\/Portal\/wp-json\/wp\/v2\/posts\/220586","targetHints":{"allow":["GET"]}}],"collection":[{"href":"https:\/\/rnoticias.com.mx\/Portal\/wp-json\/wp\/v2\/posts"}],"about":[{"href":"https:\/\/rnoticias.com.mx\/Portal\/wp-json\/wp\/v2\/types\/post"}],"author":[{"embeddable":true,"href":"https:\/\/rnoticias.com.mx\/Portal\/wp-json\/wp\/v2\/users\/2"}],"replies":[{"embeddable":true,"href":"https:\/\/rnoticias.com.mx\/Portal\/wp-json\/wp\/v2\/comments?post=220586"}],"version-history":[{"count":1,"href":"https:\/\/rnoticias.com.mx\/Portal\/wp-json\/wp\/v2\/posts\/220586\/revisions"}],"predecessor-version":[{"id":220588,"href":"https:\/\/rnoticias.com.mx\/Portal\/wp-json\/wp\/v2\/posts\/220586\/revisions\/220588"}],"wp:featuredmedia":[{"embeddable":true,"href":"https:\/\/rnoticias.com.mx\/Portal\/wp-json\/wp\/v2\/media\/220587"}],"wp:attachment":[{"href":"https:\/\/rnoticias.com.mx\/Portal\/wp-json\/wp\/v2\/media?parent=220586"}],"wp:term":[{"taxonomy":"category","embeddable":true,"href":"https:\/\/rnoticias.com.mx\/Portal\/wp-json\/wp\/v2\/categories?post=220586"},{"taxonomy":"post_tag","embeddable":true,"href":"https:\/\/rnoticias.com.mx\/Portal\/wp-json\/wp\/v2\/tags?post=220586"}],"curies":[{"name":"wp","href":"https:\/\/api.w.org\/{rel}","templated":true}]}}