{"id":220577,"date":"2025-06-04T19:13:24","date_gmt":"2025-06-05T02:13:24","guid":{"rendered":"https:\/\/rnoticias.com.mx\/Portal\/?p=220577"},"modified":"2025-06-04T19:13:24","modified_gmt":"2025-06-05T02:13:24","slug":"realizaran-en-hermosillo-foro-regional-apicola-sonora-2025","status":"publish","type":"post","link":"https:\/\/rnoticias.com.mx\/Portal\/2025\/06\/04\/realizaran-en-hermosillo-foro-regional-apicola-sonora-2025\/","title":{"rendered":"Realizar\u00e1n en Hermosillo Foro Regional Ap\u00edcola Sonora 2025"},"content":{"rendered":"<p>Hermosillo, Sonora. Este 6 de junio en las instalaciones del auditorio de la Uni\u00f3n Ganadera Regional de Sonora (UGRS), se llevar\u00e1 a cabo el Foro Regional Ap\u00edcola Sonora 2025.<\/p>\n<p>&nbsp;<\/p>\n<p>M\u00f3nica Rivera Quintana, apicultora e integrante del comit\u00e9 organizador de ese foro, se\u00f1al\u00f3 que su objetivo es cambiar la percepci\u00f3n que se tiene de la apicultura y de todo lo que representa para el desarrollo de una sociedad.<\/p>\n<p>&nbsp;<\/p>\n<p><strong>\u00a0\u201cLa apicultura no solo es producir miel, sino que tambi\u00e9n incluye sostener la biodiversidad y seguridad alimentaria. Igual se pretende fomentar la innovaci\u00f3n y colaboraci\u00f3n entre apicultores, estudiantes, investigadores y expertos en la transformaci\u00f3n de alimentos\u201d, dijo.<\/strong><\/p>\n<p>&nbsp;<\/p>\n<p>Detall\u00f3, que los temas que se ver\u00e1n en este foro son: historia de la apicultura en Sonora, origen, seguridad alimentaria y valor agregado, las abejas mel\u00edferas y la polinizaci\u00f3n, retos y oportunidades para la apicultura al 2035, entre otros m\u00e1s.<\/p>\n","protected":false},"excerpt":{"rendered":"<p>Hermosillo, Sonora. Este 6 de junio en las instalaciones del auditorio de la Uni\u00f3n Ganadera Regional de Sonora (UGRS), se llevar\u00e1 a cabo el Foro Regional Ap\u00edcola Sonora 2025. &nbsp; M\u00f3nica Rivera Quintana, apicultora e integrante del comit\u00e9 organizador de ese foro, se\u00f1al\u00f3 que su objetivo es cambiar la percepci\u00f3n que se tiene de la [&hellip;]<\/p>\n","protected":false},"author":2,"featured_media":220578,"comment_status":"closed","ping_status":"closed","sticky":false,"template":"","format":"standard","meta":{"footnotes":""},"categories":[12870,178],"tags":[12865,12869],"class_list":["post-220577","post","type-post","status-publish","format-standard","has-post-thumbnail","hentry","category-destacadas","category-local","tag-destacadas","tag-local"],"jetpack_featured_media_url":"https:\/\/rnoticias.com.mx\/Portal\/wp-content\/uploads\/2025\/06\/f6df7e64-6ec6-4618-a900-10155388f7aa_16-9-discover-aspect-ratio_default_0.jpg","amp_enabled":true,"_links":{"self":[{"href":"https:\/\/rnoticias.com.mx\/Portal\/wp-json\/wp\/v2\/posts\/220577","targetHints":{"allow":["GET"]}}],"collection":[{"href":"https:\/\/rnoticias.com.mx\/Portal\/wp-json\/wp\/v2\/posts"}],"about":[{"href":"https:\/\/rnoticias.com.mx\/Portal\/wp-json\/wp\/v2\/types\/post"}],"author":[{"embeddable":true,"href":"https:\/\/rnoticias.com.mx\/Portal\/wp-json\/wp\/v2\/users\/2"}],"replies":[{"embeddable":true,"href":"https:\/\/rnoticias.com.mx\/Portal\/wp-json\/wp\/v2\/comments?post=220577"}],"version-history":[{"count":1,"href":"https:\/\/rnoticias.com.mx\/Portal\/wp-json\/wp\/v2\/posts\/220577\/revisions"}],"predecessor-version":[{"id":220579,"href":"https:\/\/rnoticias.com.mx\/Portal\/wp-json\/wp\/v2\/posts\/220577\/revisions\/220579"}],"wp:featuredmedia":[{"embeddable":true,"href":"https:\/\/rnoticias.com.mx\/Portal\/wp-json\/wp\/v2\/media\/220578"}],"wp:attachment":[{"href":"https:\/\/rnoticias.com.mx\/Portal\/wp-json\/wp\/v2\/media?parent=220577"}],"wp:term":[{"taxonomy":"category","embeddable":true,"href":"https:\/\/rnoticias.com.mx\/Portal\/wp-json\/wp\/v2\/categories?post=220577"},{"taxonomy":"post_tag","embeddable":true,"href":"https:\/\/rnoticias.com.mx\/Portal\/wp-json\/wp\/v2\/tags?post=220577"}],"curies":[{"name":"wp","href":"https:\/\/api.w.org\/{rel}","templated":true}]}}