{"id":220573,"date":"2025-06-04T19:10:13","date_gmt":"2025-06-05T02:10:13","guid":{"rendered":"https:\/\/rnoticias.com.mx\/Portal\/?p=220573"},"modified":"2025-06-04T19:10:13","modified_gmt":"2025-06-05T02:10:13","slug":"primera-lluvia-no-da-alivio-a-las-presas-del-rio-yaqui-drvy","status":"publish","type":"post","link":"https:\/\/rnoticias.com.mx\/Portal\/2025\/06\/04\/primera-lluvia-no-da-alivio-a-las-presas-del-rio-yaqui-drvy\/","title":{"rendered":"Primera lluvia no da alivio a las presas del R\u00edo Yaqui: DRVY"},"content":{"rendered":"<p>A pesar de que las primeras lluvias del mes de junio comenzaron a registrarse en diversas zonas de Sonora, incluyendo la sierra y \u00e1reas de la cuenca del R\u00edo Yaqui, autoridades del Distrito de Riego del R\u00edo Yaqui se\u00f1alaron que a\u00fan no se puede hablar de una recuperaci\u00f3n en los niveles de las presas.<\/p>\n<p>&nbsp;<\/p>\n<p>Humberto Borb\u00f3n, director general del organismo h\u00eddrico, explic\u00f3 que aunque el pron\u00f3stico mensual indica precipitaciones por encima del promedio hist\u00f3rico, no existen se\u00f1ales claras de que ese patr\u00f3n se mantenga durante todo junio.<\/p>\n<p>&nbsp;<\/p>\n<p>\u201cRegularmente junio no es un mes tan llovedor, tan importante en cuesti\u00f3n de lluvias, aunque obviamente el comportamiento puede cambiar de un momento a dado. Regularmente las lluvias m\u00e1s importantes las tenemos a partir de julio y son los 3 meses, julio, agosto y septiembre donde se da pr\u00e1cticamente poco m\u00e1s del 60 por ciento de las precipitaciones\u201d, dijo.<\/p>\n<p>&nbsp;<\/p>\n<p>A\u00f1adi\u00f3, que, aunque esa primera lluvia fue ligera y, aunque representa un respiro temporal, no tuvo un impacto significativo en la recarga de los embalses.<\/p>\n<p>&nbsp;<\/p>\n<p>Finalmente, precis\u00f3, que ante el contexto actual de sequ\u00eda extrema, ser\u00e1 necesario que las precipitaciones se intensifiquen y sostengan en el tiempo para que puedan traducirse en beneficios reales para el sistema de presas del R\u00edo Yaqui.<\/p>\n","protected":false},"excerpt":{"rendered":"<p>A pesar de que las primeras lluvias del mes de junio comenzaron a registrarse en diversas zonas de Sonora, incluyendo la sierra y \u00e1reas de la cuenca del R\u00edo Yaqui, autoridades del Distrito de Riego del R\u00edo Yaqui se\u00f1alaron que a\u00fan no se puede hablar de una recuperaci\u00f3n en los niveles de las presas. &nbsp; [&hellip;]<\/p>\n","protected":false},"author":2,"featured_media":220574,"comment_status":"closed","ping_status":"closed","sticky":false,"template":"","format":"standard","meta":{"footnotes":""},"categories":[12870,174],"tags":[12865,12873],"class_list":["post-220573","post","type-post","status-publish","format-standard","has-post-thumbnail","hentry","category-destacadas","category-estatal","tag-destacadas","tag-estatal"],"jetpack_featured_media_url":"https:\/\/rnoticias.com.mx\/Portal\/wp-content\/uploads\/2025\/06\/presas-almacenan-7428-en-el-yaqui-79129cdb-focus-0-0-608-342.jpg","amp_enabled":true,"_links":{"self":[{"href":"https:\/\/rnoticias.com.mx\/Portal\/wp-json\/wp\/v2\/posts\/220573","targetHints":{"allow":["GET"]}}],"collection":[{"href":"https:\/\/rnoticias.com.mx\/Portal\/wp-json\/wp\/v2\/posts"}],"about":[{"href":"https:\/\/rnoticias.com.mx\/Portal\/wp-json\/wp\/v2\/types\/post"}],"author":[{"embeddable":true,"href":"https:\/\/rnoticias.com.mx\/Portal\/wp-json\/wp\/v2\/users\/2"}],"replies":[{"embeddable":true,"href":"https:\/\/rnoticias.com.mx\/Portal\/wp-json\/wp\/v2\/comments?post=220573"}],"version-history":[{"count":1,"href":"https:\/\/rnoticias.com.mx\/Portal\/wp-json\/wp\/v2\/posts\/220573\/revisions"}],"predecessor-version":[{"id":220575,"href":"https:\/\/rnoticias.com.mx\/Portal\/wp-json\/wp\/v2\/posts\/220573\/revisions\/220575"}],"wp:featuredmedia":[{"embeddable":true,"href":"https:\/\/rnoticias.com.mx\/Portal\/wp-json\/wp\/v2\/media\/220574"}],"wp:attachment":[{"href":"https:\/\/rnoticias.com.mx\/Portal\/wp-json\/wp\/v2\/media?parent=220573"}],"wp:term":[{"taxonomy":"category","embeddable":true,"href":"https:\/\/rnoticias.com.mx\/Portal\/wp-json\/wp\/v2\/categories?post=220573"},{"taxonomy":"post_tag","embeddable":true,"href":"https:\/\/rnoticias.com.mx\/Portal\/wp-json\/wp\/v2\/tags?post=220573"}],"curies":[{"name":"wp","href":"https:\/\/api.w.org\/{rel}","templated":true}]}}