{"id":220526,"date":"2025-06-04T10:36:47","date_gmt":"2025-06-04T17:36:47","guid":{"rendered":"https:\/\/rnoticias.com.mx\/Portal\/?p=220526"},"modified":"2025-06-04T10:36:47","modified_gmt":"2025-06-04T17:36:47","slug":"angela-aguilar-asegura-que-su-mejor-publico-es-nodal-evidencian-poca-audiencia-en-su-concierto-de-eu","status":"publish","type":"post","link":"https:\/\/rnoticias.com.mx\/Portal\/2025\/06\/04\/angela-aguilar-asegura-que-su-mejor-publico-es-nodal-evidencian-poca-audiencia-en-su-concierto-de-eu\/","title":{"rendered":"\u00c1ngela Aguilar asegura que su mejor p\u00fablico es Nodal; evidencian poca audiencia en su concierto de EU"},"content":{"rendered":"<p>\u00c1ngela Aguilar\u00a0contin\u00faa afirmando su lugar como una de las voces j\u00f3venes m\u00e1s influyentes del regional mexicano. Recientemente, se present\u00f3 en La Onda Fest, celebrado en Napa Valley, California, fue en este escenario donde se dej\u00f3 ver m\u00e1s enamorada y m\u00e1s esegura que nunca.<\/p>\n<p>La cantante, de apenas 21 a\u00f1os, ha estado en el centro de la atenci\u00f3n p\u00fablica desde que confirm\u00f3 su relaci\u00f3n con\u00a0<strong>Christian Nodal;<\/strong>\u00a0sin embargo, en los \u00faltimos d\u00edas las noticias giran entorno a su presentaci\u00f3n en Estados Unidos.<\/p>\n<h2>\u00c1ngela Aguilar se presenta en La Onda Fest<\/h2>\n<p>El pasado 1 de junio,<strong>\u00a0\u00c1ngela Aguilar<\/strong>\u00a0encabez\u00f3 una de las presentaciones estelares del festival La Onda Fest, evento que celebr\u00f3 su segunda edici\u00f3n con un cartel lleno de exponentes de la m\u00fasica regional mexicana, grupera, norte\u00f1a y de banda.<\/p>\n<p>El festival se llev\u00f3 a cabo en Napa Valley, California, y reuni\u00f3 a miles de asistentes que celebraron la m\u00fasica popular contempor\u00e1nea bajo el c\u00e1lido sol californiano.<\/p>\n<p>La cantante ofreci\u00f3 un espect\u00e1culo en solitario donde present\u00f3 un repertorio que incluy\u00f3 sus \u00e9xitos m\u00e1s conocidos, como \u2018Que agon\u00eda\u2019 y \u2018La Llorona\u2019, as\u00ed como temas de su m\u00e1s reciente producci\u00f3n discogr\u00e1fica, \u00abNadie se va como lleg\u00f3\u00bb.<\/p>\n<p>La puesta en escena incluy\u00f3 dos cambios de vestuario: primero, un vestido sobrio que dej\u00f3 paso a su ic\u00f3nico look de pantal\u00f3n de charro y botas. El segundo fue un vestido blanco con negro.<\/p>\n<div class=\"banner-content-ads\">\n<div id=\"bd16c46dd34b4ab483bc578a3cf558c1\"><\/div>\n<\/div>\n<p>Entre bambalinas, la artista estuvo acompa\u00f1ada por sus padres, Pepe Aguilar y Aneliz Alcal\u00e1, as\u00ed como por su actual pareja, el cantante sonorense<strong>\u00a0Christian Nodal<\/strong>, quien observ\u00f3 la actuaci\u00f3n desde un costado del escenario, visiblemente emocionado.<\/p>\n<h2>\u00c1ngela Aguilar revela cu\u00e1l es el \u00fanico aplauso que importa<\/h2>\n<p>Tras su presentaci\u00f3n,\u00a0<strong>\u00c1ngela\u00a0<\/strong>comparti\u00f3 en su cuenta de Instagram una serie de im\u00e1genes y videos que capturaban la intimidad de su paso por el festival.<\/p>\n<p>En una de ellas, aparece posando con el influencer Kunno, quien ha estado presente en diversos momentos importantes de su reciente etapa art\u00edstica. Otra imagen la muestra abrazada a\u00a0<strong>Christian Nodal\u00a0<\/strong>frente a un autob\u00fas, en una escena m\u00e1s personal que p\u00fablica.<\/p>\n<p>Pero fue un video espec\u00edfico el que encendi\u00f3 la conversaci\u00f3n en redes sociales. En \u00e9l, se observa una escena de la pel\u00edcula \u2018Peque\u00f1as grandes amigas\u2019, donde Brittany Murphy le aplaude con entusiasmo a Dakota Fanning durante un recital.<\/p>\n<p>En la historia que comparti\u00f3 en su cuenta de Instagram,\u00a0<strong>\u00c1ngela Aguilar<\/strong>\u00a0escribi\u00f3:<\/p>\n<blockquote><p><em>\u00abMi esposo aplaudi\u00e9ndome tan fuerte que ni siquiera puedo darme cuenta de qui\u00e9n no lo hace.\u00bb<\/em><\/p><\/blockquote>\n<p>\u00c1ngela Aguilar presume los ojos de amor con los que Nodal la ve cantar<\/p>\n<p>Mientras \u00c1ngela conquistaba al p\u00fablico,\u00a0<strong>Christian Nodal\u00a0<\/strong>observaba cada detalle desde el backstage. En las redes sociales oficiales del festival captaron im\u00e1genes de Nodal vi\u00e9ndola con admiraci\u00f3n y amor a su esposa.<\/p>\n<p>Al concluir el\u00a0<strong>concierto<\/strong>, seg\u00fan versiones de asistentes, el cantante habr\u00eda sorprendido a su pareja con un enorme ramo de rosas rojas, en se\u00f1al de apoyo y celebraci\u00f3n.<\/p>\n<h2>Presentaci\u00f3n de \u00c1ngela Aguilar en La Onda Fest presuntamente estaba vac\u00eda<\/h2>\n<p>En redes sociales, circularon algunos videos donde se ve que supuestamente la presentaci\u00f3n de<strong>\u00a0\u00c1ngela Aguilar en La Onda Fest<\/strong>\u00a0\u00a0ten\u00eda poco aforo y la gente que se encontraba en el concierto estaba un ap\u00e1tica.<\/p>\n<p>Cabe se\u00f1alar que en los videos que public\u00f3 \u00a0\u00c1ngela Aguilar de su concierto en el festival La Onda Fest se ve todo lo contrario, y el publico se ve muy animado.<\/p>\n<p>M\u00e1s all\u00e1 del ruido medi\u00e1tico, \u00c1ngela Aguilar parece haber encontrado en la m\u00fasica su refugio y su afirmaci\u00f3n. El \u00e1lbum Nadie se va como lleg\u00f3 ha sido descrito por cr\u00edticos como una evoluci\u00f3n sonora y emocional, que mezcla el regional con matices contempor\u00e1neos y letras de introspecci\u00f3n.<\/p>\n<p>En una reciente entrevista con Billboard Latin, \u00c1ngela mencion\u00f3 que este proyecto la representa \u00abm\u00e1s que cualquier otro disco\u00bb, y que busc\u00f3 narrar procesos de transformaci\u00f3n y cierre de ciclos desde la honestidad emocional. Aunque no abord\u00f3 su vida personal de forma directa, queda claro que su arte est\u00e1 \u00edntimamente ligado a su realidad emocional.<\/p>\n<h2>De M\u00e9xico a Napa, y de Cazzu a \u00c1ngela<\/h2>\n<p>La aparici\u00f3n de\u00a0<strong>Nodal\u00a0<\/strong>en el festival californiano se dio d\u00edas despu\u00e9s de que fuera visto en la Ciudad de M\u00e9xico durante un breve reencuentro con su hija Inti, fruto de su relaci\u00f3n con la cantante argentina Cazzu.<\/p>\n<p>Cazzu se encontraba en la capital mexicana por compromisos laborales, por lo que aprovech\u00f3 para que Inti pasara tiempo con su padre.<\/p>\n<p>Las im\u00e1genes de ese encuentro circularon r\u00e1pidamente en redes sociales y generaron opiniones divididas. Mientras algunos celebraron que el artista mantuviera contacto con su hija, otros se\u00f1alaron la brevedad del momento, pues horas despu\u00e9s ya estaba en camino hacia Estados Unidos para acompa\u00f1ar a\u00a0<strong>\u00c1ngela<\/strong>.<\/p>\n","protected":false},"excerpt":{"rendered":"<p>\u00c1ngela Aguilar\u00a0contin\u00faa afirmando su lugar como una de las voces j\u00f3venes m\u00e1s influyentes del regional mexicano. Recientemente, se present\u00f3 en La Onda Fest, celebrado en Napa Valley, California, fue en este escenario donde se dej\u00f3 ver m\u00e1s enamorada y m\u00e1s esegura que nunca. La cantante, de apenas 21 a\u00f1os, ha estado en el centro de [&hellip;]<\/p>\n","protected":false},"author":2,"featured_media":220527,"comment_status":"closed","ping_status":"closed","sticky":false,"template":"","format":"standard","meta":{"footnotes":""},"categories":[12870,219],"tags":[12865,12875],"class_list":["post-220526","post","type-post","status-publish","format-standard","has-post-thumbnail","hentry","category-destacadas","category-espectaculos","tag-destacadas","tag-espectaculos"],"jetpack_featured_media_url":"https:\/\/rnoticias.com.mx\/Portal\/wp-content\/uploads\/2025\/06\/Angela-Aguilar.jpg","amp_enabled":true,"_links":{"self":[{"href":"https:\/\/rnoticias.com.mx\/Portal\/wp-json\/wp\/v2\/posts\/220526","targetHints":{"allow":["GET"]}}],"collection":[{"href":"https:\/\/rnoticias.com.mx\/Portal\/wp-json\/wp\/v2\/posts"}],"about":[{"href":"https:\/\/rnoticias.com.mx\/Portal\/wp-json\/wp\/v2\/types\/post"}],"author":[{"embeddable":true,"href":"https:\/\/rnoticias.com.mx\/Portal\/wp-json\/wp\/v2\/users\/2"}],"replies":[{"embeddable":true,"href":"https:\/\/rnoticias.com.mx\/Portal\/wp-json\/wp\/v2\/comments?post=220526"}],"version-history":[{"count":1,"href":"https:\/\/rnoticias.com.mx\/Portal\/wp-json\/wp\/v2\/posts\/220526\/revisions"}],"predecessor-version":[{"id":220528,"href":"https:\/\/rnoticias.com.mx\/Portal\/wp-json\/wp\/v2\/posts\/220526\/revisions\/220528"}],"wp:featuredmedia":[{"embeddable":true,"href":"https:\/\/rnoticias.com.mx\/Portal\/wp-json\/wp\/v2\/media\/220527"}],"wp:attachment":[{"href":"https:\/\/rnoticias.com.mx\/Portal\/wp-json\/wp\/v2\/media?parent=220526"}],"wp:term":[{"taxonomy":"category","embeddable":true,"href":"https:\/\/rnoticias.com.mx\/Portal\/wp-json\/wp\/v2\/categories?post=220526"},{"taxonomy":"post_tag","embeddable":true,"href":"https:\/\/rnoticias.com.mx\/Portal\/wp-json\/wp\/v2\/tags?post=220526"}],"curies":[{"name":"wp","href":"https:\/\/api.w.org\/{rel}","templated":true}]}}